{"id":13579,"date":"2025-08-25T10:35:20","date_gmt":"2025-08-25T10:35:20","guid":{"rendered":"https:\/\/swiat24.pl.ua\/?p=13579"},"modified":"2025-08-25T10:35:20","modified_gmt":"2025-08-25T10:35:20","slug":"z-samochodow-nie-bylo-co-zbierac-powazny-wypadek-na-drodze-ekspresowej","status":"publish","type":"post","link":"https:\/\/swiat24.pl.ua\/?p=13579","title":{"rendered":"Z samochod\u00f3w nie by\u0142o co zbiera\u0107. Powa\u017cny wypadek na drodze ekspresowej"},"content":{"rendered":"\n<p>Wypadki drogowe w Polsce nie ustaj\u0105. W\u0142a\u015bnie nap\u0142yn\u0119\u0142y informacje o kolejnym powa\u017cnym zderzeniu na drodze ekspresowej. Fatalny b\u0142\u0105d m\u00f3g\u0142 doprowadzi\u0107 do tragedii.<\/p>\n\n\n\n<p>Wypadki drogowe w Polsce nie ustaj\u0105. Zatrwa\u017caj\u0105ce statystyki<br>W 2024 roku sytuacja na polskich drogach wci\u0105\u017c budzi\u0142a powa\u017cne obawy. W ci\u0105gu ca\u0142ego roku dosz\u0142o do ponad 21 tysi\u0119cy wypadk\u00f3w drogowych, w wyniku kt\u00f3rych zgin\u0119\u0142o blisko 1 900 os\u00f3b, a ponad 24 tysi\u0105ce zosta\u0142y ranne \u2013 w tym prawie 8 tysi\u0119cy odnios\u0142o obra\u017cenia ci\u0119\u017ckie.<\/p>\n\n\n\n<p>Cho\u0107 w ostatnich latach obserwowany by\u0142 stopniowy spadek liczby ofiar \u015bmiertelnych, dane z 2024 roku wskazuj\u0105 na niewielki wzrost zar\u00f3wno liczby wypadk\u00f3w, jak i poszkodowanych w por\u00f3wnaniu do roku wcze\u015bniejszego. Wci\u0105\u017c najcz\u0119stszymi przyczynami tragicznych zdarze\u0144 pozostaj\u0105 nadmierna pr\u0119dko\u015b\u0107, nieudzielenie pierwsze\u0144stwa przejazdu, nieprawid\u0142owe wyprzedzanie oraz jazda pod wp\u0142ywem alkoholu. A\u017c 91% wszystkich wypadk\u00f3w by\u0142o spowodowanych przez kierowc\u00f3w, a szczeg\u00f3lnie niepokoj\u0105ce s\u0105 statystyki dotycz\u0105ce m\u0142odych i niedo\u015bwiadczonych uczestnik\u00f3w ruchu drogowego.<\/p>\n\n\n\n<p>Pocz\u0105tek 2025 roku przyni\u00f3s\u0142 jednak pewne oznaki poprawy. Do ko\u0144ca maja liczba ofiar \u015bmiertelnych w wypadkach drogowych spad\u0142a do oko\u0142o 470, co stanowi istotny spadek wzgl\u0119dem tego samego okresu w roku poprzednim. Spadek ten mo\u017ce by\u0107 cz\u0119\u015bciowo efektem intensywniejszych dzia\u0142a\u0144 prewencyjnych, zaostrzonych kontroli drogowych oraz kampanii spo\u0142ecznych promuj\u0105cych bezpieczne zachowania za kierownic\u0105. Jednocze\u015bnie nadal du\u017cym problemem pozostaje liczba wypadk\u00f3w z udzia\u0142em pieszych i rowerzyst\u00f3w \u2013 szczeg\u00f3lnie na obszarach miejskich, gdzie infrastruktura cz\u0119sto nie nad\u0105\u017ca za rosn\u0105cym ruchem drogowym.<\/p>\n\n\n\n<p>Powa\u017cny wypadek na S3<br>Niestety, media obieg\u0142y kolejne tragiczne doniesienia z polskich dr\u00f3g. Na trasie ekspresowej S3 dosz\u0142o do powa\u017cnego wypadku z udzia\u0142em dw\u00f3ch samochod\u00f3w osobowych. Zdarzenie mia\u0142o miejsce w sobot\u0119, 31 maja, tu\u017c po godzinie 15:00, na 337. kilometrze drogi w kierunku Legnicy, w pobli\u017cu w\u0119z\u0142a Bolk\u00f3w.<\/p>\n\n\n\n<p>Wed\u0142ug ustale\u0144 policji, 63-letnia kobieta, w\u0142\u0105czaj\u0105c si\u0119 do ruchu, wjecha\u0142a na ekspres\u00f3wk\u0119 pod pr\u0105d, co doprowadzi\u0142o do zderzenia czo\u0142owego z innym pojazdem marki Citroen. Oba samochody zosta\u0142y powa\u017cnie uszkodzone, a droga przez d\u0142u\u017cszy czas by\u0142a ca\u0142kowicie zablokowana. Na szcz\u0119\u015bcie, osoby podr\u00f3\u017cuj\u0105ce pojazdami zdo\u0142a\u0142y opu\u015bci\u0107 je o w\u0142asnych si\u0142ach jeszcze przed przyjazdem s\u0142u\u017cb ratunkowych. Dwie osoby zosta\u0142y przetransportowane do szpitala. Policja prowadzi czynno\u015bci wyja\u015bniaj\u0105ce, kt\u00f3re maj\u0105 ustali\u0107 wszystkie okoliczno\u015bci tego niebezpiecznego zdarzenia.<\/p>\n\n\n\n<p>Mia\u0142e\u015b wypadek na autostradzie? Zachowaj spok\u00f3j i szybko reaguj<br>W przypadku wypadku na autostradzie najwa\u017cniejsze jest zachowanie spokoju i szybka reakcja. Je\u015bli to mo\u017cliwe, nale\u017cy bezpiecznie zatrzyma\u0107 pojazd na pasie awaryjnym, w\u0142\u0105czy\u0107 \u015bwiat\u0142a awaryjne i za\u0142o\u017cy\u0107 kamizelk\u0119 odblaskow\u0105. Nast\u0119pnie trzeba ustawi\u0107 tr\u00f3jk\u0105t ostrzegawczy w odpowiedniej odleg\u0142o\u015bci \u2013 co najmniej 100 metr\u00f3w za pojazdem. Kluczowe jest r\u00f3wnie\u017c oddalenie si\u0119 od pasa ruchu i przebywanie za barierkami ochronnymi.<\/p>\n\n\n\n<p>W \u017cadnym wypadku nie wolno chodzi\u0107 po jezdni ani pr\u00f3bowa\u0107 samodzielnie kierowa\u0107 ruchem. Nale\u017cy jak najszybciej powiadomi\u0107 s\u0142u\u017cby ratunkowe, dzwoni\u0105c pod numer alarmowy 112, i jasno przekaza\u0107 miejsce zdarzenia, najlepiej z numerem kilometra autostrady. Takie dzia\u0142ania zwi\u0119kszaj\u0105 bezpiecze\u0144stwo zar\u00f3wno poszkodowanych, jak i pozosta\u0142ych uczestnik\u00f3w ruchu.<\/p>\n","protected":false},"excerpt":{"rendered":"Wypadki drogowe w Polsce nie ustaj\u0105. W\u0142a\u015bnie nap\u0142yn\u0119\u0142y informacje o kolejnym powa\u017cnym zderzeniu na drodze ekspresowej. Fatalny b\u0142\u0105d m\u00f3g\u0142 doprowadzi\u0107 do tragedii. Wypadki \n<a class=\"moretag\" href=\"https:\/\/swiat24.pl.ua\/?p=13579\"> [...]<\/a>","protected":false},"author":1,"featured_media":13580,"comment_status":"open","ping_status":"open","sticky":false,"template":"","format":"standard","meta":{"footnotes":""},"categories":[1],"tags":[],"class_list":["post-13579","post","type-post","status-publish","format-standard","has-post-thumbnail","hentry","category-blog"],"_links":{"self":[{"href":"https:\/\/swiat24.pl.ua\/index.php?rest_route=\/wp\/v2\/posts\/13579","targetHints":{"allow":["GET"]}}],"collection":[{"href":"https:\/\/swiat24.pl.ua\/index.php?rest_route=\/wp\/v2\/posts"}],"about":[{"href":"https:\/\/swiat24.pl.ua\/index.php?rest_route=\/wp\/v2\/types\/post"}],"author":[{"embeddable":true,"href":"https:\/\/swiat24.pl.ua\/index.php?rest_route=\/wp\/v2\/users\/1"}],"replies":[{"embeddable":true,"href":"https:\/\/swiat24.pl.ua\/index.php?rest_route=%2Fwp%2Fv2%2Fcomments&post=13579"}],"version-history":[{"count":1,"href":"https:\/\/swiat24.pl.ua\/index.php?rest_route=\/wp\/v2\/posts\/13579\/revisions"}],"predecessor-version":[{"id":13581,"href":"https:\/\/swiat24.pl.ua\/index.php?rest_route=\/wp\/v2\/posts\/13579\/revisions\/13581"}],"wp:featuredmedia":[{"embeddable":true,"href":"https:\/\/swiat24.pl.ua\/index.php?rest_route=\/wp\/v2\/media\/13580"}],"wp:attachment":[{"href":"https:\/\/swiat24.pl.ua\/index.php?rest_route=%2Fwp%2Fv2%2Fmedia&parent=13579"}],"wp:term":[{"taxonomy":"category","embeddable":true,"href":"https:\/\/swiat24.pl.ua\/index.php?rest_route=%2Fwp%2Fv2%2Fcategories&post=13579"},{"taxonomy":"post_tag","embeddable":true,"href":"https:\/\/swiat24.pl.ua\/index.php?rest_route=%2Fwp%2Fv2%2Ftags&post=13579"}],"curies":[{"name":"wp","href":"https:\/\/api.w.org\/{rel}","templated":true}]}}