{"id":13554,"date":"2025-08-24T11:03:15","date_gmt":"2025-08-24T11:03:15","guid":{"rendered":"https:\/\/swiat24.pl.ua\/?p=13554"},"modified":"2025-08-24T11:03:15","modified_gmt":"2025-08-24T11:03:15","slug":"sarthe-ich-czteroosobowa-podroz-samochodem-golfowym-zamienia-sie-w-tragedie-2","status":"publish","type":"post","link":"https:\/\/swiat24.pl.ua\/?p=13554","title":{"rendered":"Sarthe: Ich czteroosobowa podr\u00f3\u017c samochodem golfowym zamienia si\u0119 w tragedi\u0119"},"content":{"rendered":"\n<h2 class=\"wp-block-heading\">Dwa pojazdy uczestniczy\u0142y w wypadku drogowym (1\/10)<\/h2>\n\n\n\n<p>W czwartek, 2 maja 2024 r., dwa pojazdy zderzy\u0142y si\u0119 na skrzy\u017cowaniu w pobli\u017cu Le Petit-Gruau, w regionie Vion, w po\u0142udniowo-zachodniej cz\u0119\u015bci Sarthe.<\/p>\n\n\n\n<p>Do zdarzenia dosz\u0142o kr\u00f3tko przed godzin\u0105 21:00.<\/p>\n\n\n\n<figure class=\"wp-block-image\"><img decoding=\"async\" src=\"https:\/\/www.viepratique.fr\/wp-content\/uploads\/sites\/4\/2025\/05\/10-54-750x394.jpg\" alt=\"\"\/><\/figure>\n\n\n\n<h2 class=\"wp-block-heading\">Ludzie w samochodach (2\/10)<\/h2>\n\n\n\n<p>W jednym samochodzie by\u0142a sama kobieta, a w drugim (minivan bez rejestracji) znajdowa\u0142 si\u0119 m\u0119\u017cczyzna, kierowca i trzy nieletnie pasa\u017cerki.<\/p>\n\n\n\n<figure class=\"wp-block-image\"><img decoding=\"async\" src=\"https:\/\/www.viepratique.fr\/wp-content\/uploads\/sites\/4\/2025\/05\/9-56-750x394.jpg\" alt=\"\"\/><\/figure>\n\n\n\n<h2 class=\"wp-block-heading\">Wysoki bilans ofiar (3\/10)<\/h2>\n\n\n\n<p>Dwie kobiety w wieku od 14 do 16 lat odnios\u0142y powa\u017cne obra\u017cenia, podczas gdy m\u0119\u017cczyzna po czterdziestce, kt\u00f3ry prowadzi\u0142 samoch\u00f3d, odni\u00f3s\u0142 jedynie lekkie obra\u017cenia. To samo dotyczy kobiety, kt\u00f3ra ma sze\u015b\u0107dziesi\u0105t lat i kierowa\u0142a pojazdem.<\/p>\n\n\n\n<figure class=\"wp-block-image\"><img decoding=\"async\" src=\"https:\/\/www.viepratique.fr\/wp-content\/uploads\/sites\/4\/2025\/05\/1-66-750x394.jpg\" alt=\"\"\/><\/figure>\n\n\n\n<h2 class=\"wp-block-heading\">Wys\u0142ano du\u017c\u0105 liczb\u0119 jednostek (4\/10)<\/h2>\n\n\n\n<p>Wszystkie ofiary, z wyj\u0105tkiem sze\u015b\u0107dziesi\u0119cioletniej kobiety, zosta\u0142y przetransportowane do szpitala w Le Mans. Dzie\u0144 po wypadku trzy nastolatki nadal przebywa\u0142y w szpitalu. Na miejsce wypadku przyby\u0142o oko\u0142o dwudziestu stra\u017cak\u00f3w z remiz Sabl\u00e9-sur-Sarthe, Malicorne-sur-Sarthe, Noyen-sur-Sarthe i Morannes (Maine-et-Loire).<\/p>\n\n\n\n<figure class=\"wp-block-image\"><img decoding=\"async\" src=\"https:\/\/www.viepratique.fr\/wp-content\/uploads\/sites\/4\/2025\/05\/8-56-1024x538.jpg\" alt=\"\"\/><\/figure>\n\n\n\n<h2 class=\"wp-block-heading\">Kolejny wypadek dzie\u0144 wcze\u015bniej (10.05)<\/h2>\n\n\n\n<p>Dzie\u0144 wcze\u015bniej, w nocy ze \u015brody 30 kwietnia na czwartek 1 maja 2025 r., pi\u0119ciu m\u0142odych ludzi podr\u00f3\u017cuj\u0105cych samochodem zosta\u0142o rannych w wypadku drogowym w La Mothe-Saint-H\u00e9ray, w departamencie Deux-S\u00e8vres. Wypadek zmobilizowa\u0142 r\u00f3wnie\u017c liczne si\u0142y reagowania kryzysowego, poniewa\u017c 22 stra\u017cak\u00f3w z centr\u00f3w ratunkowych La Mothe-Saint-H\u00e9ray, Saint-Maixent i Lezay przyby\u0142o na miejsce zdarzenia i przetransportowa\u0142o rannych do szpitala w Niort.<\/p>\n\n\n\n<figure class=\"wp-block-image\"><img decoding=\"async\" src=\"https:\/\/www.viepratique.fr\/wp-content\/uploads\/sites\/4\/2025\/05\/4-60-1024x538.jpg\" alt=\"\"\/><\/figure>\n\n\n\n<h2 class=\"wp-block-heading\">Samoch\u00f3d wyl\u0105dowa\u0142 na dachu (6\/10)<\/h2>\n\n\n\n<p>\u201eWracali z klubu nocnego L\u2019Hacienda de Souvign\u00e9\u201d \u2013 wyja\u015bni\u0142a policja, kt\u00f3ra ustali\u0142a to\u017csamo\u015b\u0107 os\u00f3b w samochodzie, kt\u00f3ry wyl\u0105dowa\u0142 na dachu po kilku dachowaniach: pi\u0119ciu m\u0142odych ludzi w wieku od 17 do 23 lat.<\/p>\n\n\n\n<figure class=\"wp-block-image\"><img decoding=\"async\" src=\"https:\/\/www.viepratique.fr\/wp-content\/uploads\/sites\/4\/2025\/05\/7-58-1024x538.jpg\" alt=\"\"\/><\/figure>\n\n\n\n<h2 class=\"wp-block-heading\">Kierowca by\u0142 pijany (7\/10)<\/h2>\n\n\n\n<p>Wed\u0142ug organ\u00f3w \u015bcigania, 21-letni kierowca, mieszkaniec Angoul\u00eame, by\u0142 pijany i nie by\u0142 w stanie zapanowa\u0107 nad pojazdem, kt\u00f3ry wylecia\u0142 w powietrze. Pi\u0119\u0107 os\u00f3b odnios\u0142o jedynie lekkie obra\u017cenia i przestraszy\u0142o si\u0119.<\/p>\n\n\n\n<figure class=\"wp-block-image\"><img decoding=\"async\" src=\"https:\/\/www.viepratique.fr\/wp-content\/uploads\/sites\/4\/2025\/05\/6-60-1024x538.jpg\" alt=\"\"\/><\/figure>\n\n\n\n<h2 class=\"wp-block-heading\">Uciekaj\u0105 (8\/10)<\/h2>\n\n\n\n<p>Zaledwie kilka godzin p\u00f3\u017aniej, w Souvign\u00e9, w miejscowo\u015bci La Folie, kolejny samoch\u00f3d zjecha\u0142 z drogi w pobli\u017cu drogi RD 103. Tym razem jednak policja i stra\u017c po\u017carna nikogo w \u015brodku nie znale\u017ali.<\/p>\n\n\n\n<figure class=\"wp-block-image\"><img decoding=\"async\" src=\"https:\/\/www.viepratique.fr\/wp-content\/uploads\/sites\/4\/2025\/05\/3-63-1024x538.jpg\" alt=\"\"\/><\/figure>\n\n\n\n<h2 class=\"wp-block-heading\">Trzy wypadki drogowe w South Deux-S\u00e8vres (9\/10)<\/h2>\n\n\n\n<p>Co jeszcze bardziej niezwyk\u0142e, w nocy z soboty 26 kwietnia na niedziel\u0119 27 kwietnia 2025 roku w South Deux-S\u00e8vres odnotowano trzy wypadki drogowe. 19-letnia kobieta wyl\u0105dowa\u0142a w rowie, 27-letni m\u0119\u017cczyzna uderzy\u0142 w zaparkowany samoch\u00f3d, kt\u00f3ry nast\u0119pnie uderzy\u0142 w kolejny pojazd, a na koniec kolejny 24-letni kierowca uderzy\u0142 w drzewo.<\/p>\n\n\n\n<figure class=\"wp-block-image\"><img decoding=\"async\" src=\"https:\/\/www.viepratique.fr\/wp-content\/uploads\/sites\/4\/2025\/05\/5-61-1024x538.jpg\" alt=\"\"\/><\/figure>\n\n\n\n<h2 class=\"wp-block-heading\">Zatrzymano prawo jazdy (10\/10)<\/h2>\n\n\n\n<p>Na szcz\u0119\u015bcie w tych trzech wypadkach, do kt\u00f3rych dosz\u0142o niemal jednocze\u015bnie, nikt nie odni\u00f3s\u0142 powa\u017cnych obra\u017ce\u0144. Nale\u017cy jednak zauwa\u017cy\u0107, \u017ce obaj kierowcy mieli alkohol we krwi i natychmiast zatrzymano im prawo jazdy.<\/p>\n\n\n\n<figure class=\"wp-block-image\"><img decoding=\"async\" src=\"https:\/\/www.viepratique.fr\/wp-content\/uploads\/sites\/4\/2025\/05\/2-67-1024x538.jpg\" alt=\"\"\/><\/figure>\n\n\n\n<p>W ostatnich tygodniach we Francji odnotowano liczne wypadki drogowe. W czwartek, 2 maja 2024 roku, oko\u0142o godziny 20:30, w jednym z nich uczestniczy\u0142y dwa pojazdy w miejscowo\u015bci Vion, niedaleko Sabl\u00e9-sur-Sarthe, na po\u0142udniowy zach\u00f3d od Sarthe. Kilka os\u00f3b zosta\u0142o rannych, w tym troje nieletnich pasa\u017cer\u00f3w.<\/p>\n","protected":false},"excerpt":{"rendered":"Dwa pojazdy uczestniczy\u0142y w wypadku drogowym (1\/10) W czwartek, 2 maja 2024 r., dwa pojazdy zderzy\u0142y si\u0119 na skrzy\u017cowaniu w pobli\u017cu Le Petit-Gruau, \n<a class=\"moretag\" href=\"https:\/\/swiat24.pl.ua\/?p=13554\"> [...]<\/a>","protected":false},"author":1,"featured_media":13555,"comment_status":"open","ping_status":"open","sticky":false,"template":"","format":"standard","meta":{"footnotes":""},"categories":[1],"tags":[],"class_list":["post-13554","post","type-post","status-publish","format-standard","has-post-thumbnail","hentry","category-blog"],"_links":{"self":[{"href":"https:\/\/swiat24.pl.ua\/index.php?rest_route=\/wp\/v2\/posts\/13554","targetHints":{"allow":["GET"]}}],"collection":[{"href":"https:\/\/swiat24.pl.ua\/index.php?rest_route=\/wp\/v2\/posts"}],"about":[{"href":"https:\/\/swiat24.pl.ua\/index.php?rest_route=\/wp\/v2\/types\/post"}],"author":[{"embeddable":true,"href":"https:\/\/swiat24.pl.ua\/index.php?rest_route=\/wp\/v2\/users\/1"}],"replies":[{"embeddable":true,"href":"https:\/\/swiat24.pl.ua\/index.php?rest_route=%2Fwp%2Fv2%2Fcomments&post=13554"}],"version-history":[{"count":1,"href":"https:\/\/swiat24.pl.ua\/index.php?rest_route=\/wp\/v2\/posts\/13554\/revisions"}],"predecessor-version":[{"id":13556,"href":"https:\/\/swiat24.pl.ua\/index.php?rest_route=\/wp\/v2\/posts\/13554\/revisions\/13556"}],"wp:featuredmedia":[{"embeddable":true,"href":"https:\/\/swiat24.pl.ua\/index.php?rest_route=\/wp\/v2\/media\/13555"}],"wp:attachment":[{"href":"https:\/\/swiat24.pl.ua\/index.php?rest_route=%2Fwp%2Fv2%2Fmedia&parent=13554"}],"wp:term":[{"taxonomy":"category","embeddable":true,"href":"https:\/\/swiat24.pl.ua\/index.php?rest_route=%2Fwp%2Fv2%2Fcategories&post=13554"},{"taxonomy":"post_tag","embeddable":true,"href":"https:\/\/swiat24.pl.ua\/index.php?rest_route=%2Fwp%2Fv2%2Ftags&post=13554"}],"curies":[{"name":"wp","href":"https:\/\/api.w.org\/{rel}","templated":true}]}}