{"id":13547,"date":"2025-08-24T10:52:13","date_gmt":"2025-08-24T10:52:13","guid":{"rendered":"https:\/\/swiat24.pl.ua\/?p=13547"},"modified":"2025-08-24T10:52:13","modified_gmt":"2025-08-24T10:52:13","slug":"nie-zyje-38-letni-gwiazdor-tvn-jest-nieoficjalna-przyczyna-smierci-szokujace-doniesienia","status":"publish","type":"post","link":"https:\/\/swiat24.pl.ua\/?p=13547","title":{"rendered":"Nie \u017cyje 38-letni gwiazdor TVN. Jest nieoficjalna przyczyna \u015bmierci, szokuj\u0105ce doniesienia"},"content":{"rendered":"\n<p>Pocz\u0105tek tygodnia przyni\u00f3s\u0142 niezwykle druzgoc\u0105ce wie\u015bci. Nie \u017cyje Maciej Mindak, kt\u00f3ry dobrze by\u0142 znany widzom TVN Style. Ceniony ekspert zwi\u0105zany z bran\u017c\u0105 nieruchomo\u015bci odszed\u0142 nagle w wieku 38 lat. Pojawi\u0142y si\u0119 informacje dotycz\u0105ce nieoficjalnej przyczyny jego \u015bmierci.&nbsp;<\/p>\n\n\n\n<p>Maciej Mindak nie \u017cyje<br>W poniedzia\u0142ek 4 sierpnia w mediach pojawi\u0142a si\u0119 niezwykle smutna informacja dotycz\u0105ca \u015bmierci Macieja Mindaka. 38-latek, kt\u00f3ry odszed\u0142 nagle, zdoby\u0142 ogromn\u0105 popularno\u015b\u0107 za spraw\u0105 wyst\u0119p\u00f3w w licznych programach telewizyjnych, tj. \u201cDzie\u0144 Dobry TVN\u201d, \u201cNieruchomo\u015bci\u201d, czy \u201cMieszkanie na miar\u0119\u201d. Ponadto bardzo pr\u0119\u017cnie dzia\u0142a\u0142 w sieci, gdzie pojawia\u0142 si\u0119 na kanale \u201cMisja Mieszkanie\u201d.<\/p>\n\n\n\n<p>Zmar\u0142ego Macieja Mindaka po\u017cegnano w mediach spo\u0142eczno\u015bciowych. W po\u015bcie, kt\u00f3ry pojawi\u0142 si\u0119 na profilu 38-latka, wspomniano, \u017ce by\u0142 osob\u0105 o ogromnym sercu, znakomitym umy\u015ble i nieposkromionej energii.<\/p>\n\n\n\n<p>Z ogromnym smutkiem informujemy, \u017ce odszed\u0142 nagle Maciej Mindak \u2013 ukochany Syn, Brat, Tata, Przyjaciel, wulkan pozytywnej energii, Cz\u0142owiek o wielkim sercu i umy\u015ble. Pozostawi\u0142 po sobie nieopisan\u0105 pustk\u0119 i t\u0119sknot\u0119. Po\u017cegnanie i pogrzeb Macieja odb\u0119d\u0105 si\u0119 8 sierpnia 2025 o godzinie 14:30 na Cmentarzu Komunalnym Po\u0142udniowym. Adres: Antonin\u00f3w 40, sala ceremonialna \u2013 czytamy na Facebooku.<\/p>\n\n\n\n<figure class=\"wp-block-image size-full\"><img loading=\"lazy\" decoding=\"async\" width=\"604\" height=\"333\" src=\"https:\/\/swiat24.pl.ua\/wp-content\/uploads\/2025\/08\/image-1.png\" alt=\"\" class=\"wp-image-13548\" srcset=\"https:\/\/swiat24.pl.ua\/wp-content\/uploads\/2025\/08\/image-1.png 604w, https:\/\/swiat24.pl.ua\/wp-content\/uploads\/2025\/08\/image-1-300x165.png 300w\" sizes=\"auto, (max-width: 604px) 100vw, 604px\" \/><\/figure>\n\n\n\n<p>Znana jest nieoficjalna przyczyna \u015bmierci Macieja Mindaka<br>Pod postem, kt\u00f3ry zosta\u0142 zamieszczony w mediach spo\u0142eczno\u015bciowych, w kt\u00f3rym przekazano ponure wie\u015bci zwi\u0105zane ze \u015bmierci\u0105 Macieja Mindaka, posypa\u0142a si\u0119 lawina komentarzy. Internauci wyra\u017anie ubolewali nad jego odej\u015bciem, podkre\u015blaj\u0105c jednocze\u015bnie, \u017ce bardzo go cenili i z wyra\u017anym zainteresowaniem \u015bledzili materia\u0142y z jego udzia\u0142em.&nbsp;<\/p>\n\n\n\n<p>W przekazanych informacjach nie wspomniano jednak o przyczynie \u015bmierci Macieja Mindaka, lecz \u201cFakt\u201d dotar\u0142 do szczeg\u00f3\u0142\u00f3w zwi\u0105zanych z odej\u015bciem 38-latka. Zdaniem dziennika ceniony ekspert poni\u00f3s\u0142 \u015bmier\u0107 na skutek dramatycznego wypadku drogowego, w kt\u00f3rym bra\u0142 udzia\u0142.<\/p>\n\n\n\n<p>Znane s\u0105 nieoficjalne szczeg\u00f3\u0142y \u015bmierci Macieja Mindaka<br>Jak informuje \u201cFakt\u201d w nocy z 22 na 23 lipca 2025 roku dosz\u0142o drogowego wypadku, kt\u00f3ry mia\u0142 miejsce na skrzy\u017cowaniu ulic Legion\u00f3w i Lipi\u0144skiej w Wo\u0142ominie, na skutek kt\u00f3rego \u015bmier\u0107 mia\u0142 ponie\u015b\u0107 motocyklista. Jak wynika z nieoficjalnych ustale\u0144 dziennika, kieruj\u0105cy jedno\u015bladem mia\u0142 wymusi\u0107 pierwsze\u0144stwo wzgl\u0119dem prawid\u0142owo jad\u0105cego BMW.&nbsp;<\/p>\n\n\n\n<p>W wyniku zdarzenia motocyklista, kt\u00f3ry zdaniem \u201cFaktu\u201d, mia\u0142 by\u0107 Maciej Mindak, mia\u0142 dozna\u0107 powa\u017cnych obra\u017ce\u0144 i zosta\u0142 przewieziony do szpitala. Tam, pomimo ogromnej pracy lekarzy i ich wysi\u0142k\u00f3w, nie uda\u0142o si\u0119 uratowa\u0107 jego \u017cycia, a kierowca jedno\u015bladu zmar\u0142.<\/p>\n\n\n\n<p>Dziennik przypomina r\u00f3wnie\u017c, \u017ce na miejsce zdarzenia zosta\u0142y wezwane s\u0142u\u017cby, w tym policja, kt\u00f3ra zabezpieczy\u0142a teren, w kt\u00f3rym dosz\u0142o do zdarzenia. Ponadto przebadano osob\u0119 kieruj\u0105c\u0105 pojazdem osobowym na obecno\u015b\u0107 alkoholu w organizmie \u2013 badania te wykaza\u0142y, \u017ce kierowca BMW by\u0142 trze\u017awy.<\/p>\n","protected":false},"excerpt":{"rendered":"Pocz\u0105tek tygodnia przyni\u00f3s\u0142 niezwykle druzgoc\u0105ce wie\u015bci. Nie \u017cyje Maciej Mindak, kt\u00f3ry dobrze by\u0142 znany widzom TVN Style. Ceniony ekspert zwi\u0105zany z bran\u017c\u0105 nieruchomo\u015bci \n<a class=\"moretag\" href=\"https:\/\/swiat24.pl.ua\/?p=13547\"> [...]<\/a>","protected":false},"author":1,"featured_media":13549,"comment_status":"open","ping_status":"open","sticky":false,"template":"","format":"standard","meta":{"footnotes":""},"categories":[1],"tags":[],"class_list":["post-13547","post","type-post","status-publish","format-standard","has-post-thumbnail","hentry","category-blog"],"_links":{"self":[{"href":"https:\/\/swiat24.pl.ua\/index.php?rest_route=\/wp\/v2\/posts\/13547","targetHints":{"allow":["GET"]}}],"collection":[{"href":"https:\/\/swiat24.pl.ua\/index.php?rest_route=\/wp\/v2\/posts"}],"about":[{"href":"https:\/\/swiat24.pl.ua\/index.php?rest_route=\/wp\/v2\/types\/post"}],"author":[{"embeddable":true,"href":"https:\/\/swiat24.pl.ua\/index.php?rest_route=\/wp\/v2\/users\/1"}],"replies":[{"embeddable":true,"href":"https:\/\/swiat24.pl.ua\/index.php?rest_route=%2Fwp%2Fv2%2Fcomments&post=13547"}],"version-history":[{"count":1,"href":"https:\/\/swiat24.pl.ua\/index.php?rest_route=\/wp\/v2\/posts\/13547\/revisions"}],"predecessor-version":[{"id":13550,"href":"https:\/\/swiat24.pl.ua\/index.php?rest_route=\/wp\/v2\/posts\/13547\/revisions\/13550"}],"wp:featuredmedia":[{"embeddable":true,"href":"https:\/\/swiat24.pl.ua\/index.php?rest_route=\/wp\/v2\/media\/13549"}],"wp:attachment":[{"href":"https:\/\/swiat24.pl.ua\/index.php?rest_route=%2Fwp%2Fv2%2Fmedia&parent=13547"}],"wp:term":[{"taxonomy":"category","embeddable":true,"href":"https:\/\/swiat24.pl.ua\/index.php?rest_route=%2Fwp%2Fv2%2Fcategories&post=13547"},{"taxonomy":"post_tag","embeddable":true,"href":"https:\/\/swiat24.pl.ua\/index.php?rest_route=%2Fwp%2Fv2%2Ftags&post=13547"}],"curies":[{"name":"wp","href":"https:\/\/api.w.org\/{rel}","templated":true}]}}