{"id":13477,"date":"2025-08-22T18:57:27","date_gmt":"2025-08-22T18:57:27","guid":{"rendered":"https:\/\/swiat24.pl.ua\/?p=13477"},"modified":"2025-08-22T18:57:27","modified_gmt":"2025-08-22T18:57:27","slug":"odeszla-na-wieczna-warte-smutna-wiadomosc-nie-zyje-daniela-oginska","status":"publish","type":"post","link":"https:\/\/swiat24.pl.ua\/?p=13477","title":{"rendered":"\u201cOdesz\u0142a na wieczn\u0105 wart\u0119\u201d. Smutna wiadomo\u015b\u0107, nie \u017cyje Daniela Ogi\u0144ska"},"content":{"rendered":"\n<p>22 sierpnia w mediach spo\u0142eczno\u015bciowych pojawi\u0142a si\u0119 wiadomo\u015b\u0107 o \u015bmierci jednej z bohaterek Powstania Warszawskiego. Informacja ta poruszy\u0142a opini\u0119 publiczn\u0105 i wywo\u0142a\u0142a fal\u0119 wspomnie\u0144 o osobie, kt\u00f3ra na zawsze zapisa\u0142a si\u0119 w historii walki o wolno\u015b\u0107.<\/p>\n\n\n\n<p>M\u0142oda sanitariuszka Powstania Warszawskiego<br>Daniela Ogi\u0144ska, pseudonim \u201ePszczo\u0142a\u201d, zas\u0142yn\u0119\u0142a jako sanitariuszka w 7. Pu\u0142ku Piechoty Legion\u00f3w \u201eGar\u0142uch\u201d, dzia\u0142aj\u0105c g\u0142\u00f3wnie na terenie Ursusa.&nbsp;<\/p>\n\n\n\n<p>W dzia\u0142alno\u015b\u0107 powsta\u0144cz\u0105 zaanga\u017cowa\u0142a si\u0119 ju\u017c w m\u0142odym wieku, uczestnicz\u0105c w tajnych kompletach i harcerstwie \u2013 formacji wychowawczej, kt\u00f3ra da\u0142a jej si\u0142\u0119 i warto\u015bci, takie jak patriotyzm i odpowiedzialno\u015b\u0107.&nbsp;<\/p>\n\n\n\n<p>Pseudonim \u201ePszczo\u0142a\u201d otrzyma\u0142a od Marciniaka, pierwszego naczelnika Szarych Szereg\u00f3w, nawi\u0105zuj\u0105c do cech takich jak pracowito\u015b\u0107 i oddanie \u2013 symboli tej niestrudzonej wojowniczki<\/p>\n\n\n\n<p>Og\u0142oszenie \u015bmierci<br>W dniu 22 sierpnia 2025 roku w mediach pojawi\u0142a si\u0119 oficjalna informacja o \u015bmierci Danieli Ogi\u0144skiej ps. \u201ePszczo\u0142a\u201d. Doniesienie to natychmiast obieg\u0142o media spo\u0142eczno\u015bciowe oraz bruk\u0119, wywo\u0142uj\u0105c fal\u0119 wzruszenia i wspomnie\u0144 jej bohaterskiej postawy.&nbsp;<\/p>\n\n\n\n<p>Reakcje, zar\u00f3wno ze strony historyk\u00f3w, \u015brodowisk kombatanckich, jak i zwyk\u0142ych internaut\u00f3w \u2013 by\u0142y pe\u0142ne szacunku i wdzi\u0119czno\u015bci za jej s\u0142u\u017cb\u0119 i niez\u0142omno\u015b\u0107.&nbsp;<\/p>\n\n\n\n<blockquote class=\"twitter-tweet\" data-media-max-width=\"560\"><p lang=\"pl\" dir=\"ltr\">Z ogromnym \u017calem przyj\u0105\u0142em informacje, ze w dniu swoich 97. urodzin na wieczn\u0105 warte odeszla Daniela Oginska ps. Pszczola.<\/p>&mdash; Adrian Klarenbach (@AKlarenbach) <a href=\"https:\/\/twitter.com\/AKlarenbach\/status\/1958877422960402621?ref_src=twsrc%5Etfw\">August 22, 2025<\/a><\/blockquote> <script async src=\"https:\/\/platform.twitter.com\/widgets.js\" charset=\"utf-8\"><\/script>\n\n\n\n<p>Dziedzictwo i wspomnienia<br>Po wojnie Daniela Ogi\u0144ska kontynuowa\u0142a swoj\u0105 s\u0142u\u017cb\u0119 spo\u0142eczn\u0105. Uko\u0144czy\u0142a studia farmaceutyczne, ale przede wszystkim zaanga\u017cowa\u0142a si\u0119 w harcerstwo, warto\u015bci harcerskie pozosta\u0142y z ni\u0105 przez ca\u0142e \u017cycie.&nbsp;<\/p>\n\n\n\n<p>W licznych wywiadach, m.in. z okazji 80. rocznicy Powstania Warszawskiego \u2013 wspomina\u0142a, jak hartowa\u0142a si\u0119 w trudach okupacji, a tak\u017ce jak silna by\u0142a wi\u0119\u017a mi\u0119dzy powsta\u0144cami i jak bolesna by\u0142a strata ich towarzyszy.&nbsp;<\/p>\n\n\n\n<p>Jej \u015bwiadectwa, pe\u0142ne refleksji o patriotyzmie, moralno\u015bci i odpowiedzialno\u015bci, &nbsp;pozostaj\u0105 wa\u017cnym \u017ar\u00f3d\u0142em edukacyjnym i inspiracj\u0105 dla m\u0142odych pokole\u0144.<\/p>\n\n\n\n<figure class=\"wp-block-embed is-type-video is-provider-youtube wp-block-embed-youtube wp-embed-aspect-16-9 wp-has-aspect-ratio\"><div class=\"wp-block-embed__wrapper\">\n<iframe loading=\"lazy\" title=\"OSTATNIA ROZMOWA STANIS\u0141AWA SOYKI. PRZED WYST\u0118PEM M\u00d3WI\u0141 O \u015aMIERCI...\" width=\"747\" height=\"420\" src=\"https:\/\/www.youtube.com\/embed\/cSbAKnadaso?feature=oembed\" frameborder=\"0\" allow=\"accelerometer; autoplay; clipboard-write; encrypted-media; gyroscope; picture-in-picture; web-share\" referrerpolicy=\"strict-origin-when-cross-origin\" allowfullscreen><\/iframe>\n<\/div><\/figure>\n","protected":false},"excerpt":{"rendered":"22 sierpnia w mediach spo\u0142eczno\u015bciowych pojawi\u0142a si\u0119 wiadomo\u015b\u0107 o \u015bmierci jednej z bohaterek Powstania Warszawskiego. Informacja ta poruszy\u0142a opini\u0119 publiczn\u0105 i wywo\u0142a\u0142a fal\u0119 \n<a class=\"moretag\" href=\"https:\/\/swiat24.pl.ua\/?p=13477\"> [...]<\/a>","protected":false},"author":1,"featured_media":13478,"comment_status":"open","ping_status":"open","sticky":false,"template":"","format":"standard","meta":{"footnotes":""},"categories":[1],"tags":[],"class_list":["post-13477","post","type-post","status-publish","format-standard","has-post-thumbnail","hentry","category-blog"],"_links":{"self":[{"href":"https:\/\/swiat24.pl.ua\/index.php?rest_route=\/wp\/v2\/posts\/13477","targetHints":{"allow":["GET"]}}],"collection":[{"href":"https:\/\/swiat24.pl.ua\/index.php?rest_route=\/wp\/v2\/posts"}],"about":[{"href":"https:\/\/swiat24.pl.ua\/index.php?rest_route=\/wp\/v2\/types\/post"}],"author":[{"embeddable":true,"href":"https:\/\/swiat24.pl.ua\/index.php?rest_route=\/wp\/v2\/users\/1"}],"replies":[{"embeddable":true,"href":"https:\/\/swiat24.pl.ua\/index.php?rest_route=%2Fwp%2Fv2%2Fcomments&post=13477"}],"version-history":[{"count":1,"href":"https:\/\/swiat24.pl.ua\/index.php?rest_route=\/wp\/v2\/posts\/13477\/revisions"}],"predecessor-version":[{"id":13479,"href":"https:\/\/swiat24.pl.ua\/index.php?rest_route=\/wp\/v2\/posts\/13477\/revisions\/13479"}],"wp:featuredmedia":[{"embeddable":true,"href":"https:\/\/swiat24.pl.ua\/index.php?rest_route=\/wp\/v2\/media\/13478"}],"wp:attachment":[{"href":"https:\/\/swiat24.pl.ua\/index.php?rest_route=%2Fwp%2Fv2%2Fmedia&parent=13477"}],"wp:term":[{"taxonomy":"category","embeddable":true,"href":"https:\/\/swiat24.pl.ua\/index.php?rest_route=%2Fwp%2Fv2%2Fcategories&post=13477"},{"taxonomy":"post_tag","embeddable":true,"href":"https:\/\/swiat24.pl.ua\/index.php?rest_route=%2Fwp%2Fv2%2Ftags&post=13477"}],"curies":[{"name":"wp","href":"https:\/\/api.w.org\/{rel}","templated":true}]}}