{"id":13446,"date":"2025-08-22T11:40:02","date_gmt":"2025-08-22T11:40:02","guid":{"rendered":"https:\/\/swiat24.pl.ua\/?p=13446"},"modified":"2025-08-22T11:40:02","modified_gmt":"2025-08-22T11:40:02","slug":"brad-pitt-chce-zalozyc-rodzine-z-ukochana-ines-de-ramon-i-planuje-zostac-ojcem-ponownie","status":"publish","type":"post","link":"https:\/\/swiat24.pl.ua\/?p=13446","title":{"rendered":"Brad Pitt chce za\u0142o\u017cy\u0107 rodzin\u0119 z ukochan\u0105 Ines de Ramon i planuje zosta\u0107 ojcem ponownie"},"content":{"rendered":"\n<p>Podobno Brad Pitt zamierza za\u0142o\u017cy\u0107 rodzin\u0119 ze swoj\u0105 dziewczyn\u0105 Ines de Ramon po\u015br\u00f3d napi\u0119\u0107 zwi\u0105zanych z dzie\u0107mi, kt\u00f3re ma ze swoj\u0105 by\u0142\u0105, Angelin\u0105 Jolie.<\/p>\n\n\n\n<p>Aktor chce zacz\u0105\u0107 od nowa z projektantk\u0105 bi\u017cuterii, zw\u0142aszcza teraz, gdy wszyscy wiedz\u0105, jak jego dzieci, szczeg\u00f3lnie Pax, postrzegaj\u0105 go jako ojca.<br><img decoding=\"async\" src=\"https:\/\/mondeanimalinteressant.com\/wp-content\/uploads\/2023\/12\/Untitled-design_20230908_181947_0000-782x440-1.jpg\"><\/p>\n\n\n\n<p>Brad i Ines s\u0105 w sobie g\u0142\u0119boko zakochani, a ona niedawno przeprowadzi\u0142a si\u0119 do jego rezydencji w Los Angeles, co dowodzi, jak powa\u017cnie to traktuj\u0105! Wiedzia\u0142 od pocz\u0105tku, \u017ce Ines chce zosta\u0107 matk\u0105 i rozmawiali o tym, bior\u0105c pod uwag\u0119 30-letni\u0105 r\u00f3\u017cnic\u0119 wieku.<\/p>\n\n\n\n<p>Informator zauwa\u017cy\u0142 r\u00f3wnie\u017c, \u017ce niekt\u00f3rzy przyjaciele Pitta byli zaskoczeni jego gotowo\u015bci\u0105 do ponownego zostania ojcem, ale on nalega\u0142, \u017ce on r\u00f3wnie\u017c tego chce.<br><img decoding=\"async\" src=\"https:\/\/mondeanimalinteressant.com\/wp-content\/uploads\/2023\/12\/brad-pitt-and-ines-de-ramon.jpg.webp\"><\/p>\n\n\n\n<p>\u0179r\u00f3d\u0142o doda\u0142o, \u017ce po wszystkim, co przeszed\u0142 z dzie\u0107mi, chce zacz\u0105\u0107 od nowa i stworzy\u0107 nowe wspomnienia.<\/p>\n\n\n\n<p>Brad nie staje si\u0119 m\u0142odszy, wi\u0119c jest to co\u015b, czego chcieliby pr\u0119dzej ni\u017c p\u00f3\u017aniej. Nawet \u017cartowa\u0142 o uczestnictwie w szkolnych odwo\u017ceniach dzieci w wieku \u201e70 lat\u201d i ma nadziej\u0119, \u017ce ludzie nadal b\u0119d\u0105 go postrzega\u0107 jako amanta!<\/p>\n\n\n\n<p>Dla tych, kt\u00f3rzy nie s\u0105 w temacie, niedawno sta\u0142o si\u0119 jasne, \u017ce adoptowana c\u00f3rka Jolie i Brada, Zahara, porzuci\u0142a nazwisko gwiazdy Hollywood i u\u017cywa tylko nazwiska swojej matki.<br><img decoding=\"async\" src=\"https:\/\/mondeanimalinteressant.com\/wp-content\/uploads\/2023\/12\/578.jpg\"><\/p>\n\n\n\n<p>Kilka dni p\u00f3\u017aniej w mediach pojawi\u0142a si\u0119 wiadomo\u015b\u0107 od ich adoptowanego syna Paxa, napisana w 2020 roku, w kt\u00f3rej stwierdzi\u0142, \u017ce Pitt zamieni\u0142 \u017cycie najbli\u017cszych os\u00f3b w nieustanne piek\u0142o.<\/p>\n","protected":false},"excerpt":{"rendered":"Podobno Brad Pitt zamierza za\u0142o\u017cy\u0107 rodzin\u0119 ze swoj\u0105 dziewczyn\u0105 Ines de Ramon po\u015br\u00f3d napi\u0119\u0107 zwi\u0105zanych z dzie\u0107mi, kt\u00f3re ma ze swoj\u0105 by\u0142\u0105, Angelin\u0105 \n<a class=\"moretag\" href=\"https:\/\/swiat24.pl.ua\/?p=13446\"> [...]<\/a>","protected":false},"author":1,"featured_media":13447,"comment_status":"open","ping_status":"open","sticky":false,"template":"","format":"standard","meta":{"footnotes":""},"categories":[1],"tags":[],"class_list":["post-13446","post","type-post","status-publish","format-standard","has-post-thumbnail","hentry","category-blog"],"_links":{"self":[{"href":"https:\/\/swiat24.pl.ua\/index.php?rest_route=\/wp\/v2\/posts\/13446","targetHints":{"allow":["GET"]}}],"collection":[{"href":"https:\/\/swiat24.pl.ua\/index.php?rest_route=\/wp\/v2\/posts"}],"about":[{"href":"https:\/\/swiat24.pl.ua\/index.php?rest_route=\/wp\/v2\/types\/post"}],"author":[{"embeddable":true,"href":"https:\/\/swiat24.pl.ua\/index.php?rest_route=\/wp\/v2\/users\/1"}],"replies":[{"embeddable":true,"href":"https:\/\/swiat24.pl.ua\/index.php?rest_route=%2Fwp%2Fv2%2Fcomments&post=13446"}],"version-history":[{"count":1,"href":"https:\/\/swiat24.pl.ua\/index.php?rest_route=\/wp\/v2\/posts\/13446\/revisions"}],"predecessor-version":[{"id":13448,"href":"https:\/\/swiat24.pl.ua\/index.php?rest_route=\/wp\/v2\/posts\/13446\/revisions\/13448"}],"wp:featuredmedia":[{"embeddable":true,"href":"https:\/\/swiat24.pl.ua\/index.php?rest_route=\/wp\/v2\/media\/13447"}],"wp:attachment":[{"href":"https:\/\/swiat24.pl.ua\/index.php?rest_route=%2Fwp%2Fv2%2Fmedia&parent=13446"}],"wp:term":[{"taxonomy":"category","embeddable":true,"href":"https:\/\/swiat24.pl.ua\/index.php?rest_route=%2Fwp%2Fv2%2Fcategories&post=13446"},{"taxonomy":"post_tag","embeddable":true,"href":"https:\/\/swiat24.pl.ua\/index.php?rest_route=%2Fwp%2Fv2%2Ftags&post=13446"}],"curies":[{"name":"wp","href":"https:\/\/api.w.org\/{rel}","templated":true}]}}