{"id":13406,"date":"2025-08-21T12:09:37","date_gmt":"2025-08-21T12:09:37","guid":{"rendered":"https:\/\/swiat24.pl.ua\/?p=13406"},"modified":"2025-08-21T12:09:37","modified_gmt":"2025-08-21T12:09:37","slug":"kochani-przyjaciele-z-glebokim-smutkiem-zawiadamiam-ze-nasza-dwuletnia-coreczka-o-anielskiej-buzi-jest-juz-w-niebie","status":"publish","type":"post","link":"https:\/\/swiat24.pl.ua\/?p=13406","title":{"rendered":"Kochani Przyjaciele\u2026 Z g\u0142\u0119bokim smutkiem zawiadamiam, \u017ce nasza dwuletnia c\u00f3reczka o anielskiej buzi jest ju\u017c w niebie\u2026"},"content":{"rendered":"\n<p>Rodzice s\u0105 zdruzgotani: ich dwuletnia c\u00f3reczka o anielskiej twarzy nie \u017cyje. Policja wci\u0105\u017c bada tragiczn\u0105 sytuacj\u0119 rodziny.<\/p>\n\n\n\n<p>Matka jest zdruzgotana strat\u0105 jedynego dziecka.<\/p>\n\n\n\n<p>W domu rodziny z Menu wybuch\u0142a gwa\u0142towna k\u0142\u00f3tnia.<\/p>\n\n\n\n<p>Wok\u00f3\u0142 tej tragedii naros\u0142o wiele pyta\u0144 bez odpowiedzi, ale jedno jest pewne: m\u0142odzi ludzie od dawna \u017ca\u0142owali swojej decyzji o podj\u0119ciu takiego ryzyka. Andrew Huber-Young sp\u0119dza\u0142 czas ze swoj\u0105 ma\u0142\u0105 c\u00f3reczk\u0105 i jej bratem.<\/p>\n\n\n\n<figure class=\"wp-block-image\"><img decoding=\"async\" src=\"https:\/\/mediaarmm.ru\/wp-content\/uploads\/2024\/12\/471133844_520278127718626_2003464094603145758_n.jpg\" alt=\"\" class=\"wp-image-101258\"\/><\/figure>\n\n\n\n<p>Jednak dwaj m\u0119\u017cczy\u017ani wdali si\u0119 w k\u0142\u00f3tni\u0119 i wycelowali w siebie nawzajem broni\u0105. Nie trafili nawet dwuletniej Octavii Huber-Young. W strzelaninie, kt\u00f3ra si\u0119 wywi\u0105za\u0142a, dziewczynka o anielskiej twarzy r\u00f3wnie\u017c zosta\u0142a postrzelona i \u015bmiertelnie ranna. Obaj m\u0119\u017cczy\u017ani zostali ranni i przewiezieni do szpitala.<\/p>\n\n\n\n<figure class=\"wp-block-image\"><img decoding=\"async\" src=\"https:\/\/mediaarmm.ru\/wp-content\/uploads\/2024\/12\/466f77d9-a4fc-4f24-8703-c0de513b0813-dab0104176da4f1f91a633068075ef5dlarge16x9_SHOOTINGVICTIM.jpg\" alt=\"\" class=\"wp-image-101259\"\/><\/figure>\n\n\n\n<p>Wed\u0142ug doniesie\u0144, s\u0105siad wezwa\u0142 policj\u0119 po us\u0142yszeniu krzyk\u00f3w dw\u00f3ch m\u0119\u017cczyzn, a nast\u0119pnie strza\u0142u. Doda\u0142 r\u00f3wnie\u017c, \u017ce p\u00f3\u017aniej s\u0142ycha\u0107 by\u0142o krzyki kobiety. Matka dziecka, Samantha Higgins, powiedzia\u0142a Crime Online, \u017ce obaj m\u0119\u017cczy\u017ani zostali p\u00f3\u017aniej wypisani ze szpitala. \u201eWiem tylko, \u017ce by\u0142 pe\u0142en \u017cycia, zawsze u\u015bmiechni\u0119ty i dobrze si\u0119 bawi\u0142\u201d.<\/p>\n\n\n\n<figure class=\"wp-block-image\"><img decoding=\"async\" src=\"https:\/\/mediaarmm.ru\/wp-content\/uploads\/2024\/12\/0b64fb6c-72a9-4190-9024-1b1c826b8a60-OctaviaHuberYoung.jpg\" alt=\"\" class=\"wp-image-101260\"\/><\/figure>\n\n\n\n<p>Zawsze chcia\u0142a by\u0107 taka jak jej siostra. Policja aresztowa\u0142a 19-letniego wujka oskar\u017conego o zab\u00f3jstwo 2-letniej dziewczynki. Policja stanowa poinformowa\u0142a, \u017ce \u200b\u200bw toku s\u0105 dalsze post\u0119powania karne.<\/p>\n","protected":false},"excerpt":{"rendered":"Rodzice s\u0105 zdruzgotani: ich dwuletnia c\u00f3reczka o anielskiej twarzy nie \u017cyje. Policja wci\u0105\u017c bada tragiczn\u0105 sytuacj\u0119 rodziny. Matka jest zdruzgotana strat\u0105 jedynego dziecka. \n<a class=\"moretag\" href=\"https:\/\/swiat24.pl.ua\/?p=13406\"> [...]<\/a>","protected":false},"author":1,"featured_media":13407,"comment_status":"open","ping_status":"open","sticky":false,"template":"","format":"standard","meta":{"footnotes":""},"categories":[1],"tags":[],"class_list":["post-13406","post","type-post","status-publish","format-standard","has-post-thumbnail","hentry","category-blog"],"_links":{"self":[{"href":"https:\/\/swiat24.pl.ua\/index.php?rest_route=\/wp\/v2\/posts\/13406","targetHints":{"allow":["GET"]}}],"collection":[{"href":"https:\/\/swiat24.pl.ua\/index.php?rest_route=\/wp\/v2\/posts"}],"about":[{"href":"https:\/\/swiat24.pl.ua\/index.php?rest_route=\/wp\/v2\/types\/post"}],"author":[{"embeddable":true,"href":"https:\/\/swiat24.pl.ua\/index.php?rest_route=\/wp\/v2\/users\/1"}],"replies":[{"embeddable":true,"href":"https:\/\/swiat24.pl.ua\/index.php?rest_route=%2Fwp%2Fv2%2Fcomments&post=13406"}],"version-history":[{"count":1,"href":"https:\/\/swiat24.pl.ua\/index.php?rest_route=\/wp\/v2\/posts\/13406\/revisions"}],"predecessor-version":[{"id":13408,"href":"https:\/\/swiat24.pl.ua\/index.php?rest_route=\/wp\/v2\/posts\/13406\/revisions\/13408"}],"wp:featuredmedia":[{"embeddable":true,"href":"https:\/\/swiat24.pl.ua\/index.php?rest_route=\/wp\/v2\/media\/13407"}],"wp:attachment":[{"href":"https:\/\/swiat24.pl.ua\/index.php?rest_route=%2Fwp%2Fv2%2Fmedia&parent=13406"}],"wp:term":[{"taxonomy":"category","embeddable":true,"href":"https:\/\/swiat24.pl.ua\/index.php?rest_route=%2Fwp%2Fv2%2Fcategories&post=13406"},{"taxonomy":"post_tag","embeddable":true,"href":"https:\/\/swiat24.pl.ua\/index.php?rest_route=%2Fwp%2Fv2%2Ftags&post=13406"}],"curies":[{"name":"wp","href":"https:\/\/api.w.org\/{rel}","templated":true}]}}