{"id":13339,"date":"2025-08-20T09:47:44","date_gmt":"2025-08-20T09:47:44","guid":{"rendered":"https:\/\/swiat24.pl.ua\/?p=13339"},"modified":"2025-08-20T09:47:44","modified_gmt":"2025-08-20T09:47:44","slug":"ciezarna-rihanna-podaza-za-absurdalnym-trendem-butow-podczas-wyjscia-w-los-angeles","status":"publish","type":"post","link":"https:\/\/swiat24.pl.ua\/?p=13339","title":{"rendered":"Ci\u0119\u017carna Rihanna pod\u0105\u017ca za \u201eabsurdalnym\u201d trendem but\u00f3w podczas wyj\u015bcia w Los Angeles"},"content":{"rendered":"\n<p>Piosenkarka znana z serialu \u201eUmbrella\u201d jest jedn\u0105 z najbardziej wyznaczaj\u0105cych trendy gwiazd, kt\u00f3ra postawi\u0142a na odwa\u017cny i niekonwencjonalny styl ci\u0105\u017cowy, rzadko spotykany w Hollywood.<\/p>\n\n\n\n<p>Ostatnia ci\u0105\u017cowa stylizacja Rihanny pozosta\u0142a wierna jej charakterystycznemu podej\u015bciu do unikania tradycyjnej odzie\u017cy ci\u0105\u017cowej. Jednak kiedy zdj\u0119cia stylizacji pojawi\u0142y si\u0119 w internecie, fani skupili si\u0119 na jej butach, kt\u00f3re wielu uzna\u0142o za absurdalne.<\/p>\n\n\n\n<figure class=\"wp-block-image\"><img decoding=\"async\" src=\"https:\/\/cdn.amomama.com\/870dc96b2feda88be1c25c8988fd4acfe8277b19769ac754d708c73b4a0b6930.png\" alt=\"Reakcja fana na str\u00f3j Rihanny podczas jej wyj\u015bcia w Los Angeles, z wpisu z 18 sierpnia 2025 r. | \u0179r\u00f3d\u0142o: Instagram\/backgrid_usa\"\/><\/figure>\n\n\n\n<p>Reakcja fana na str\u00f3j Rihanny podczas jej wyj\u015bcia w Los Angeles, z wpisu z 18 sierpnia 2025 r. | \u0179r\u00f3d\u0142o: Instagram\/backgrid_usa<\/p>\n\n\n\n<p>Rihanna zaprezentowa\u0142a si\u0119 w \u0142ososiowych, pasiastych spodniach pi\u017camowych w po\u0142\u0105czeniu z pasuj\u0105c\u0105 do nich koszul\u0105 zapinan\u0105 na guziki z linii Savage x Fenty. Aby str\u00f3j by\u0142 czym\u015b wi\u0119cej ni\u017c tylko pi\u017cam\u0105, doda\u0142a dopracowane detale, takie jak jedwabna chusta na g\u0142ow\u0119, wyrazista bi\u017cuteria i satynowe, jasnor\u00f3\u017cowe balerinki Maison Margiela Tabi.<\/p>\n\n\n\n<p>Internauci byli zachwyceni najg\u0142o\u015bniejszym, nietypowym wyborem obuwia tego roku i nie szcz\u0119dzili swoich przemy\u015ble\u0144. Jeden z obserwuj\u0105cych przyzna\u0142:&nbsp;&nbsp;<em>\u201ePodoba\u0142o mi si\u0119 to, dop\u00f3ki nie doszed\u0142em do but\u00f3w\u201d.<\/em>&nbsp;&nbsp;Inny u\u017cytkownik Instagrama by\u0142 jeszcze bardziej surowy, twierdz\u0105c:&nbsp;&nbsp;<em>\u201eJej buty mnie o\u015blepi\u0142y\u201d.<\/em><\/p>\n\n\n\n<p>Niekt\u00f3rzy kwestionowali praktyczno\u015b\u0107 jej obuwia:&nbsp;&nbsp;<em>\u201eTe buty z kopytami\u2026 jak one s\u0105 wygodne???&nbsp;\u201d<\/em>&nbsp;&nbsp;, podczas gdy kto\u015b inny j\u0119kn\u0105\u0142:&nbsp;&nbsp;<em>\u201eO Bo\u017ce! Co ona sobie my\u015bli, nosz\u0105c buty z wielb\u0142\u0105dzim noskiem\u201d.<\/em><\/p>\n\n\n\n<p>Frustracja nie ustawa\u0142a, gdy rozczarowany fan zauwa\u017cy\u0142:&nbsp;&nbsp;<em>\u201eBrak wyczucia mody to teraz moda? Rozczarowuj\u0105ce\u201d.<\/em>&nbsp;&nbsp;Kto\u015b inny okre\u015bli\u0142 ten look jako&nbsp;&nbsp;<em>\u201eabsurdalny trend\u201d.<\/em><\/p>\n\n\n\n<p>Inni nie poprzestali na butach, krytykuj\u0105c ca\u0142y zestaw:&nbsp;&nbsp;<em>\u201eCo za okropny, okropny str\u00f3j. Od naszyjnik\u00f3w po buty. Nic dobrego si\u0119 nie dzieje\u201d.<\/em><\/p>\n\n\n\n<p>Ale nie wszystkie opinie by\u0142y negatywne. Jeden z wielbicieli nadal chwali\u0142 jej wyczucie stylu, pisz\u0105c:&nbsp;&nbsp;<em>\u201eZawsze wygl\u0105da stylowo i stylowo\u201d.<\/em>&nbsp;&nbsp;Inny by\u0142 prosty, ale czu\u0142y, pisz\u0105c:&nbsp;&nbsp;<em>\u201eOna jest&nbsp;\u201d.&nbsp;<\/em>&nbsp;Oczywi\u015bcie, ci\u0105\u017cowy blask Rihanny nie pozosta\u0142 niezauwa\u017cony, a jeden z zachwyconych fan\u00f3w napisa\u0142:&nbsp;&nbsp;<em>\u201eJest gotowa, \u017ceby zab\u0142ysn\u0105\u0107!&nbsp;\u201d.<\/em><\/p>\n\n\n\n<p>Podczas ka\u017cdej ci\u0105\u017cy Rihanna \u015bmia\u0142o odchodzi\u0142a od tradycyjnych zasad ubioru ci\u0105\u017cowego. Podczas pierwszej ci\u0105\u017cy, nawet w trzecim trymestrze, traktowa\u0142a przestarza\u0142e koncepcje stylu ci\u0105\u017cowego jako \u0142atwy cel.<\/p>\n\n\n\n<p>Przedsi\u0119biorca wyja\u015bni\u0142: \u201eKiedy dowiedzia\u0142am si\u0119, \u017ce jestem w ci\u0105\u017cy, pomy\u015bla\u0142am sobie: Nie ma mowy, \u017cebym posz\u0142a na zakupy do dzia\u0142u z ubraniami dla kobiet w ci\u0105\u017cy. Przepraszam \u2013 ubieranie si\u0119 jest zbyt fajne. Nie pozwol\u0119, \u017ceby ta cz\u0119\u015b\u0107 znikn\u0119\u0142a, bo moje cia\u0142o si\u0119 zmienia\u201d.<\/p>\n\n\n\n<p>Nigdy nie bra\u0142a pod uwag\u0119 takich ubra\u0144 jak d\u017cinsy ci\u0105\u017cowe, poniewa\u017c jasno da\u0142a do zrozumienia, \u017ce je\u015bli czego\u015b nie nosi\u0142a przed ci\u0105\u017c\u0105, to nie b\u0119dzie tego cz\u0119\u015bci\u0105 jej garderoby r\u00f3wnie\u017c w jej trakcie.<\/p>\n\n\n\n<p>Wyj\u015bcie poza konwencjonalny styl ci\u0105\u017cowy wi\u0105za\u0142o si\u0119 jednak z wyzwaniami. Jej stylista, Jahleel Weaver, podobno musia\u0142 radzi\u0107 sobie z trudno\u015bciami w ubieraniu jej, poniewa\u017c jej wymiary ulega\u0142y znacznym wahaniom, czasami w ci\u0105gu jednego dnia.<\/p>\n\n\n\n<figure class=\"wp-block-image\"><img decoding=\"async\" src=\"https:\/\/cdn.amomama.com\/1b05d2259261d6f74f79be3e59b6f30b73d964d1e8a6f191ca69b9082a1b9bb2.jpg\" alt=\"Rihanna w Nowym Jorku, 1 maja 2023 r. | \u0179r\u00f3d\u0142o: Getty Images\"\/><\/figure>\n\n\n\n<p>Rihanna w Nowym Jorku, 1 maja 2023 r. | \u0179r\u00f3d\u0142o: Getty Images<\/p>\n\n\n\n<p>Rihanna za\u017cartowa\u0142a nawet, \u017ce wymagaj\u0105cy charakter zadania m\u00f3g\u0142by z \u0142atwo\u015bci\u0105 sk\u0142oni\u0107 go do poproszenia o podwy\u017ck\u0119 po tym do\u015bwiadczeniu.<\/p>\n\n\n\n<p>Wraz ze zmianami w jej ciele podczas ci\u0105\u017cy, styl Rihanny ewoluowa\u0142. Stroje ods\u0142aniaj\u0105ce brzuch, kt\u00f3re przed ci\u0105\u017c\u0105 mog\u0142aby ignorowa\u0107, sta\u0142y si\u0119 centralnym elementem jej wystaj\u0105cego do przodu wygl\u0105du. Wyrazi\u0142a przekonanie, \u017ce ta zmiana ma inspirowa\u0107 inne przysz\u0142e mamy.<\/p>\n\n\n\n<p>\u201eMam nadziej\u0119, \u017ce uda\u0142o nam si\u0119 na nowo zdefiniowa\u0107, co jest uwa\u017cane za \u201eprzyzwoite\u201d dla kobiet w ci\u0105\u017cy. Moje cia\u0142o robi teraz niesamowite rzeczy i nie zamierzam si\u0119 tego wstydzi\u0107. Ten czas powinien by\u0107 powodem do \u015bwi\u0119towania. Bo po co ukrywa\u0107 ci\u0105\u017c\u0119?\u201d \u2013 stwierdzi\u0142a.<\/p>\n\n\n\n<p>Je\u015bli chodzi o modowe ryzyko, znalaz\u0142a partnera i ojca swoich dzieci, A$AP Rocky&#8217;ego. Ich dynamika opiera si\u0119 na wzajemnym wp\u0142ywie, a Rihanna opisuje ich modow\u0105 relacj\u0119 jako proces wzajemnego doskonalenia stylu, niczym \u017celazo walcz\u0105ce z \u017celazem.<\/p>\n\n\n\n<p>Para emanowa\u0142a mi\u0142o\u015bci\u0105 i mod\u0105 podczas deszczowej \u015bwiatowej premiery filmu \u201eNajwy\u017csze 2 Najni\u017csze\u201d 19 maja na Festiwalu Filmowym w Cannes we Francji. Jednak gdy poruszali si\u0119 po deszczowym czerwonym dywanie,&nbsp;&nbsp;<strong>niekt\u00f3rzy fani byli bardziej rozproszeni ni\u017c oczarowani, zw\u0142aszcza uz\u0119bieniem Rocky&#8217;ego.<\/strong><\/p>\n\n\n\n<figure class=\"wp-block-image\"><img decoding=\"async\" src=\"https:\/\/cdn.amomama.com\/9d4598b9595fc4ff276637e198ab9823bd522f9f722d174370ae42d1b1363fb1.jpg\" alt=\"Komentarz fana na temat wyst\u0119pu A$AP Rocky'ego na festiwalu filmowym w Cannes, z wpisu z 20 maja 2025 r. | \u0179r\u00f3d\u0142o: Facebook\/EntertainmentTonight\"\/><\/figure>\n\n\n\n<p>Komentarz fana na temat wyst\u0119pu A$AP Rocky&#8217;ego na festiwalu filmowym w Cannes, z wpisu z 20 maja 2025 r. | \u0179r\u00f3d\u0142o: Facebook\/EntertainmentTonight<\/p>\n\n\n\n<p>Rocky mia\u0142 na sobie elegancki czarny garnitur, czarne Ray-Bany i ca\u0142y zestaw grilla, gdy pojawi\u0142 si\u0119 na czerwonym dywanie na premierze filmu \u201eHighest 2 Lowest\u201d w re\u017cyserii Spike\u2019a Lee, w kt\u00f3rym wyst\u0105pi\u0142 u boku Denzela Washingtona.<\/p>\n\n\n\n<figure class=\"wp-block-image\"><img decoding=\"async\" src=\"https:\/\/cdn.amomama.com\/c4571b24afed2a4d620200abedb462762b546a22dfa9c61f9996738299d1cdbe.jpg\" alt=\"A$AP Rocky i Rihanna na czerwonym dywanie z okazji 78. dorocznego Festiwalu Filmowego w Cannes w Palais des Festivals w Cannes we Francji, 19 maja 2025 r. | \u0179r\u00f3d\u0142o: Getty Images\"\/><\/figure>\n\n\n\n<p>A$AP Rocky i Rihanna na czerwonym dywanie \u201eNajwy\u017csze 2 Najni\u017csze\u201d podczas 78. dorocznego Festiwalu Filmowego w Cannes w Palais des Festivals w Cannes we Francji, 19 maja 2025 r. | \u0179r\u00f3d\u0142o: Getty Images<\/p>\n\n\n\n<p>Rihanna, promieniej\u0105ca w jaskrawoniebieskiej sukience z wyci\u0119ciami i dekoltem wi\u0105zanym apaszk\u0105, przytula\u0142a sw\u00f3j ci\u0105\u017cowy brzuszek, pozuj\u0105c obok niego. Para, niewzruszona deszczem, sta\u0142a pod wsp\u00f3lnym parasolem, emanuj\u0105c chemi\u0105 i urokiem.<\/p>\n\n\n\n<figure class=\"wp-block-image\"><img decoding=\"async\" src=\"https:\/\/cdn.amomama.com\/7449a0dbd7d21974402583ce8519952aef913054db1d080f9427caa4f2ab336e.jpg\" alt=\"A$AP Rocky i Rihanna schodz\u0105 z czerwonego dywanu \u201eHighest 2 Lowest\u201d podczas 78. dorocznego Festiwalu Filmowego w Cannes w Palais des Festivals w Cannes we Francji, 19 maja 2025 r. | \u0179r\u00f3d\u0142o: Getty Images\"\/><\/figure>\n\n\n\n<p>A$AP Rocky i Rihanna schodz\u0105 z czerwonego dywanu \u201eNajwy\u017csze 2 Najni\u017csze\u201d podczas 78. dorocznego Festiwalu Filmowego w Cannes w Palais des Festivals w Cannes we Francji, 19 maja 2025 r. | \u0179r\u00f3d\u0142o: Getty Images<\/p>\n\n\n\n<p>W pewnym momencie Rocky opar\u0142 brod\u0119 na ramieniu Rihanny, delikatnie trzymaj\u0105c j\u0105 za brzuch, tworz\u0105c jeden z najbardziej intymnych moment\u00f3w wieczoru. Pomimo tej uroczej sceny, wi\u0119kszo\u015b\u0107 internetowych komentarzy skupi\u0142a si\u0119 na Rockym. Niekt\u00f3rzy fani podziwiali styl i prezencj\u0119 pary, ale inni skupili si\u0119 na jego wygl\u0105dzie z\u0119b\u00f3w.<\/p>\n\n\n\n<figure class=\"wp-block-image\"><img decoding=\"async\" src=\"https:\/\/cdn.amomama.com\/b67e300f18dce3ced0be9ed9a67bef2ad1df7152f9ffedf9f65e9d730814a57a.jpg\" alt=\"A$AP Rocky i Rihanna na czerwonym dywanie z akcj\u0105 \u201eHighest 2 Lowest\u201d podczas 78. dorocznego Festiwalu Filmowego w Cannes w Cannes we Francji, 19 maja 2025 r. | \u0179r\u00f3d\u0142o: Getty Images\"\/><\/figure>\n\n\n\n<p>A$AP Rocky i Rihanna na czerwonym dywanie \u201eNajwy\u017csze 2 Najni\u017csze\u201d podczas 78. dorocznego Festiwalu Filmowego w Cannes w Cannes we Francji, 19 maja 2025 r. | \u0179r\u00f3d\u0142o: Getty Images<\/p>\n\n\n\n<p>Jeden z ciekawskich fan\u00f3w nie m\u00f3g\u0142 si\u0119 powstrzyma\u0107 od pytania:&nbsp;&nbsp;<em>\u201eCo on ma na z\u0119bach?\u201d.&nbsp;<\/em>&nbsp;Inny wydawa\u0142 si\u0119 r\u00f3wnie zdziwiony, zastanawiaj\u0105c si\u0119 na g\u0142os:&nbsp;&nbsp;<em>\u201eCo mu jest z z\u0119bami???\u201d.&nbsp;<\/em>&nbsp;Trzeci nie kry\u0142 si\u0119 z tym, pytaj\u0105c:&nbsp;&nbsp;<em>\u201eCo mu jest z z\u0119bami? Wygl\u0105daj\u0105 okropnie i maj\u0105 tatua\u017c na szyi [sic]\u201d.<\/em><\/p>\n\n\n\n<figure class=\"wp-block-image\"><img decoding=\"async\" src=\"https:\/\/cdn.amomama.com\/c141042d5749b3f681375f390f4259b0cb7b1f508e5e6eca048a12b1cd9d501e.jpg\" alt=\"A$AP Rocky i Rihanna schodz\u0105 z czerwonego dywanu \u201eHighest 2 Lowest\u201d podczas 78. dorocznego Festiwalu Filmowego w Cannes we Francji, 19 maja 2025 r. | \u0179r\u00f3d\u0142o: Getty Images\"\/><\/figure>\n\n\n\n<p>A$AP Rocky i Rihanna opuszczaj\u0105 czerwony dywan \u201eNajwy\u017csze 2 Najni\u017csze\u201d podczas 78. dorocznego Festiwalu Filmowego w Cannes we Francji, 19 maja 2025 r. | \u0179r\u00f3d\u0142o: Getty Images<\/p>\n\n\n\n<p>Kto\u015b inny zasugerowa\u0142:&nbsp;&nbsp;<em>\u201eMetalowe usta&nbsp;\u201d.<\/em>&nbsp;&nbsp;Oszo\u0142omiony widz b\u0142aga\u0142 o wyja\u015bnienie:&nbsp;&nbsp;<em>\u201eProsz\u0119, powiedzcie mi, \u017ce on ma na sobie grill i \u017ce to NIE s\u0105 jego prawdziwe z\u0119by!!\u201d&nbsp;<\/em>&nbsp;Inny fan przyzna\u0142, \u017ce jego uwaga zosta\u0142a ca\u0142kowicie rozproszona:&nbsp;&nbsp;<em>\u201eNie mog\u0119 skupi\u0107 si\u0119 na sukience, bo o\u015blepiaj\u0105 mnie Z\u0118BY. O m\u00f3j Bo\u017ce, DLACZEGO?! Masz pieni\u0105dze, za\u0142\u00f3\u017c normalne z\u0119by, prosz\u0119!\u201d<\/em><\/p>\n\n\n\n<figure class=\"wp-block-image\"><img decoding=\"async\" src=\"https:\/\/cdn.amomama.com\/6db4cf2efe13262bbc897483d112b8103ed1fa5b431bcd89c2da8cc929e78c6d.jpg\" alt=\"A$AP Rocky i Rihanna na czerwonym dywanie \u201eNajwy\u017csze 2 Najni\u017csze\u201d w Cannes we Francji, 19 maja 2025 r. | \u0179r\u00f3d\u0142o: Getty Images\"\/><\/figure>\n\n\n\n<p>A$AP Rocky i Rihanna na czerwonym dywanie \u201eNajwy\u017csze 2 Najni\u017csze\u201d w Cannes we Francji, 19 maja 2025 r. | \u0179r\u00f3d\u0142o: Getty Images<\/p>\n\n\n\n<p>Jeden z komentuj\u0105cych zauwa\u017cy\u0142:&nbsp;&nbsp;<em>\u201eRocky mia\u0142 grille. Przez to jego z\u0119by wygl\u0105daj\u0105 obrzydliwie. Poza tym, fajne zdj\u0119cie obu\u201d.&nbsp;<\/em>&nbsp;W ko\u0144cu kto\u015b zamie\u015bci\u0142 pe\u0142n\u0105 analiz\u0119:&nbsp;&nbsp;<em>\u201eNie s\u0105dz\u0119, \u017ceby sukienka by\u0142a twarzowa, a te grille nie robi\u0105 Rocky&#8217;emu \u017cadnych estetycznych przys\u0142ug. Bardzo podobaj\u0105 mi si\u0119 jej buty i bi\u017cuteria, a jego lu\u017any garnitur jest zabawny i fajny. Uwielbiam, jak nosi dla niej parasol&nbsp;\u201d.<\/em><\/p>\n\n\n\n<figure class=\"wp-block-image\"><img decoding=\"async\" src=\"https:\/\/cdn.amomama.com\/8ad344099dabda70aca998af03d859bd7b6b2ca5083b7f4f64d6df70d544562e.jpg\" alt=\"A$AP Rocky i Rihanna na czerwonym dywanie \u201eNajwy\u017csze 2 Najni\u017csze\u201d w Cannes we Francji, 19 maja 2025 r. | \u0179r\u00f3d\u0142o: Getty Images\"\/><\/figure>\n\n\n\n<p>A$AP Rocky i Rihanna na czerwonym dywanie \u201eNajwy\u017csze 2 Najni\u017csze\u201d w Cannes we Francji, 19 maja 2025 r. | \u0179r\u00f3d\u0142o: Getty Images<\/p>\n\n\n\n<p><strong>To wydarzenie by\u0142o drugim pojawieniem si\u0119 pary na czerwonym dywanie w maju, po tym jak g\u0142o\u015bna gala MET w Nowym Jorku ujawni\u0142a ci\u0105\u017cowy brzuszek Rihanny.<\/strong>&nbsp;&nbsp;Ten moment potwierdzi\u0142 spekulacje wielu fan\u00f3w \u2013 \u017ce gwiazdy spodziewaj\u0105 si\u0119 trzeciego dziecka.<\/p>\n\n\n\n<p>Rihanna zamkn\u0119\u0142a Met Gal\u0119 2025 ol\u015bniewaj\u0105cym wyst\u0119pem, \u0142\u0105cz\u0105cym szyte na miar\u0119 ubrania m\u0119skie z dramaturgi\u0105 na poziomie haute couture. Na koniec pojawi\u0142a si\u0119 na dywanie w czarnym, szytym na miar\u0119 stroju w pr\u0105\u017cki, kt\u00f3ry stanowi\u0142 now\u0105 interpretacj\u0119 klasycznego garnituru z uderzaj\u0105cymi detalami.<\/p>\n\n\n\n<figure class=\"wp-block-image\"><img decoding=\"async\" src=\"https:\/\/cdn.amomama.com\/d6b090b676f9780c5a9c184662243dd23beac6282afd732e421e9496e8508bb9.jpg\" alt=\"Rihanna na Gali charytatywnej Metropolitan Museum of Art Costume Institute 2025 | \u0179r\u00f3d\u0142o: Getty Images\"\/><\/figure>\n\n\n\n<p>Rihanna na Gali charytatywnej Metropolitan Museum of Art Costume Institute 2025 | \u0179r\u00f3d\u0142o: Getty Images<\/p>\n\n\n\n<p>Kr\u00f3tka czarna marynarka le\u017ca\u0142a na gorsecie, kt\u00f3ry opina\u0142 jej ci\u0105\u017cowy brzuszek. Dopasowana sp\u00f3dnica by\u0142a drapowana i marszczona w biodrach, z rozci\u0119ciem si\u0119gaj\u0105cym do uda, kt\u00f3re dodawa\u0142o dynamiki tej smuk\u0142ej sylwetce. Pod spodem Rihanna mia\u0142a na sobie eleganck\u0105 bia\u0142\u0105 koszul\u0119 i du\u017c\u0105, bordowo-czarn\u0105 muszk\u0119 w kropki.<\/p>\n\n\n\n<figure class=\"wp-block-image\"><img decoding=\"async\" src=\"https:\/\/cdn.amomama.com\/1b4d6651a9825f72ac7542ae302fc0d415a6e56af6192ff18a78cc4cfe9c3ccc.jpg\" alt=\"Piosenkarka Rihanna na zdj\u0119ciu z 5 maja 2025 r. | \u0179r\u00f3d\u0142o: Getty Images\"\/><\/figure>\n\n\n\n<p>Piosenkarka Rihanna na zdj\u0119ciu z 5 maja 2025 r. | \u0179r\u00f3d\u0142o: Getty Images<\/p>\n\n\n\n<p>Gdy sz\u0142a, spod sp\u00f3dnicy wystawa\u0142y jej czarno-bia\u0142e, szpiczaste obcasy, a ca\u0142y look dope\u0142nia\u0142 czarny kapelusz z szerokim rondem.<\/p>\n\n\n\n<figure class=\"wp-block-image\"><img decoding=\"async\" src=\"https:\/\/cdn.amomama.com\/0161ed2c0f36321b4a2425d37f449385ca91922197a95e1ad19d395cac62cb0b.jpg\" alt=\"Rihanna bierze udzia\u0142 w gali Met Gali z okazji wystawy \u201eSuperfine: Tailoring Black Style\u201d w Metropolitan Museum of Art, 5 maja 2025 r. | \u0179r\u00f3d\u0142o: Getty Images\"\/><\/figure>\n\n\n\n<p>Rihanna bierze udzia\u0142 w gali Met Gali z okazji wystawy \u201eSuperfine: Tailoring Black Style\u201d w Metropolitan Museum of Art, 5 maja 2025 r. | \u0179r\u00f3d\u0142o: Getty Images<\/p>\n\n\n\n<p>Jej makija\u017c by\u0142 delikatny i promienny \u2013 promienna cera, subtelnie podkre\u015blone oczy i usta pomalowane r\u00f3\u017cem. Niebieskie, wyraziste pier\u015bcionki i broszka doda\u0142y jej idealnego blasku.<\/p>\n\n\n\n<figure class=\"wp-block-image\"><img decoding=\"async\" src=\"https:\/\/cdn.amomama.com\/0eb2f6a4694e03b495d3622d19e888ee40531991f8a858a1b693b42882d0763d.jpg\" alt=\"Rihanna na Met Gali | \u0179r\u00f3d\u0142o: Getty Images\"\/><\/figure>\n\n\n\n<p>Rihanna na Met Gali | \u0179r\u00f3d\u0142o: Getty Images<\/p>\n\n\n\n<p>Fani b\u0142yskawicznie zalali media spo\u0142eczno\u015bciowe gratulacjami i podziwem. Jeden z nich napisa\u0142:&nbsp;&nbsp;<em>\u201eWygl\u0105da uroczo i bardzo stosownie do okazji!\u201d<\/em>&nbsp;&nbsp;. Inny doda\u0142:&nbsp;&nbsp;<em>\u201eTo najlepszy jej wygl\u0105d, jaki widzia\u0142em. Jest szcz\u0119\u015bliwa i promienna. Jej str\u00f3j jest odwa\u017cny i elegancki. Ci\u0105\u017ca wygl\u0105da na tej kobiecie wspaniale\u201d.<\/em><\/p>\n\n\n\n<figure class=\"wp-block-image\"><img decoding=\"async\" src=\"https:\/\/cdn.amomama.com\/73eaf536d1d82945732217e9cfdb5230e2d1ee8a2eff9d53c00019413de28258.jpg\" alt=\"Rihanna i wsp\u00f3\u0142przewodnicz\u0105cy Met Gali A$AP Rocky na Met Gali | \u0179r\u00f3d\u0142o: Getty Images\"\/><\/figure>\n\n\n\n<p>Rihanna i wsp\u00f3\u0142przewodnicz\u0105cy Met Gali A$AP Rocky na Met Gali | \u0179r\u00f3d\u0142o: Getty Images<\/p>\n\n\n\n<p>Inny skomentowa\u0142:&nbsp;&nbsp;<em>\u201eGratulacje, wygl\u0105da tak pi\u0119knie\u201d.<\/em>&nbsp;&nbsp;A kolejny powt\u00f3rzy\u0142:&nbsp;&nbsp;<em>\u201eGratulacje, wygl\u0105dasz osza\u0142amiaj\u0105co\u201d.<\/em><\/p>\n\n\n\n<figure class=\"wp-block-image\"><img decoding=\"async\" src=\"https:\/\/cdn.amomama.com\/4c78d58858ee43239222a97c45dd38880706c7b595d7800393643401f9e4da3d.jpg\" alt=\"Rihanna pozuje podczas Met Gali 2025 | \u0179r\u00f3d\u0142o: Getty Images\"\/><\/figure>\n\n\n\n<p>Rihanna pozuje podczas Met Gali 2025 | \u0179r\u00f3d\u0142o: Getty Images<\/p>\n\n\n\n<p>Piosenkarka i bizneswoman ma ju\u017c dw\u00f3ch syn\u00f3w z Rockym. Podczas przechadzki po dywanie, Rocky, kt\u00f3ry by\u0142 wsp\u00f3\u0142przewodnicz\u0105cym wydarzenia, r\u00f3wnie\u017c poinformowa\u0142 o narodzinach dziecka. Powiedzia\u0142 reporterom: \u201eCiesz\u0119 si\u0119, \u017ce wszyscy si\u0119 ciesz\u0105, bo my zdecydowanie jeste\u015bmy szcz\u0119\u015bliwi\u201d.<\/p>\n\n\n\n<p><\/p>\n","protected":false},"excerpt":{"rendered":"Piosenkarka znana z serialu \u201eUmbrella\u201d jest jedn\u0105 z najbardziej wyznaczaj\u0105cych trendy gwiazd, kt\u00f3ra postawi\u0142a na odwa\u017cny i niekonwencjonalny styl ci\u0105\u017cowy, rzadko spotykany w \n<a class=\"moretag\" href=\"https:\/\/swiat24.pl.ua\/?p=13339\"> [...]<\/a>","protected":false},"author":1,"featured_media":13340,"comment_status":"open","ping_status":"open","sticky":false,"template":"","format":"standard","meta":{"footnotes":""},"categories":[1],"tags":[],"class_list":["post-13339","post","type-post","status-publish","format-standard","has-post-thumbnail","hentry","category-blog"],"_links":{"self":[{"href":"https:\/\/swiat24.pl.ua\/index.php?rest_route=\/wp\/v2\/posts\/13339","targetHints":{"allow":["GET"]}}],"collection":[{"href":"https:\/\/swiat24.pl.ua\/index.php?rest_route=\/wp\/v2\/posts"}],"about":[{"href":"https:\/\/swiat24.pl.ua\/index.php?rest_route=\/wp\/v2\/types\/post"}],"author":[{"embeddable":true,"href":"https:\/\/swiat24.pl.ua\/index.php?rest_route=\/wp\/v2\/users\/1"}],"replies":[{"embeddable":true,"href":"https:\/\/swiat24.pl.ua\/index.php?rest_route=%2Fwp%2Fv2%2Fcomments&post=13339"}],"version-history":[{"count":1,"href":"https:\/\/swiat24.pl.ua\/index.php?rest_route=\/wp\/v2\/posts\/13339\/revisions"}],"predecessor-version":[{"id":13341,"href":"https:\/\/swiat24.pl.ua\/index.php?rest_route=\/wp\/v2\/posts\/13339\/revisions\/13341"}],"wp:featuredmedia":[{"embeddable":true,"href":"https:\/\/swiat24.pl.ua\/index.php?rest_route=\/wp\/v2\/media\/13340"}],"wp:attachment":[{"href":"https:\/\/swiat24.pl.ua\/index.php?rest_route=%2Fwp%2Fv2%2Fmedia&parent=13339"}],"wp:term":[{"taxonomy":"category","embeddable":true,"href":"https:\/\/swiat24.pl.ua\/index.php?rest_route=%2Fwp%2Fv2%2Fcategories&post=13339"},{"taxonomy":"post_tag","embeddable":true,"href":"https:\/\/swiat24.pl.ua\/index.php?rest_route=%2Fwp%2Fv2%2Ftags&post=13339"}],"curies":[{"name":"wp","href":"https:\/\/api.w.org\/{rel}","templated":true}]}}