{"id":13324,"date":"2025-08-19T20:03:13","date_gmt":"2025-08-19T20:03:13","guid":{"rendered":"https:\/\/swiat24.pl.ua\/?p=13324"},"modified":"2025-08-19T20:03:13","modified_gmt":"2025-08-19T20:03:13","slug":"nie-zyje-jedna-z-legend-polskiej-sceny-muzycznej-przed-smiercia-trafila-do-szpitala-tylko-na-chwile-odzyskala-przytomnosc","status":"publish","type":"post","link":"https:\/\/swiat24.pl.ua\/?p=13324","title":{"rendered":"Nie \u017cyje jedna z legend polskiej sceny muzycznej. Przed \u015bmierci\u0105 trafi\u0142a do szpitala. Tylko na chwil\u0119 odzyska\u0142a przytomno\u015b\u0107"},"content":{"rendered":"\n<p>W czwartek wieczorem przekazano fatalne wie\u015bci na temat jednej z najpopularniejszych polskich wokalistek w historii.<\/p>\n\n\n\n<p>Smutn\u0105 informacj\u0119 o \u015bmierci gwiazdy Trubadur\u00f3w, Czerwono-Czarnych czy Alibabek przekaza\u0142 Marian Lichtman.<\/p>\n\n\n\n<p>Nie \u017cyje S\u0142awa Miko\u0142ajczyk<br>Zmar\u0142a S\u0142awa Miko\u0142ajczyk, kt\u00f3ra podbija\u0142a sceny w ca\u0142ej Polsce z zespo\u0142ami takimi jak Trubadurzy, Czerwono-Czarni czy Alibabki. Gwiazda, kt\u00f3ra wsp\u00f3\u0142pracowa\u0142a tak\u017ce z Krzysztofem Krawczykiem, zas\u0142yn\u0119\u0142a w 1966 roku, gdy wraz z Trubadurami wyst\u0105pi\u0142a na V Krajowym Festiwalu Piosenki Polskiej w Opolu i \u015bpiewaj\u0105c \u201cOndraszku, Ondraszku\u201d zdoby\u0142a nagrod\u0119 za debiut.<\/p>\n\n\n\n<figure class=\"wp-block-embed is-type-video is-provider-youtube wp-block-embed-youtube wp-embed-aspect-4-3 wp-has-aspect-ratio\"><div class=\"wp-block-embed__wrapper\">\n<iframe loading=\"lazy\" title=\"S\u0142awa Miko\u0142ajczyk &amp; Trubadurzy - Ondraszek\" width=\"747\" height=\"560\" src=\"https:\/\/www.youtube.com\/embed\/xgUqXvPgzts?feature=oembed\" frameborder=\"0\" allow=\"accelerometer; autoplay; clipboard-write; encrypted-media; gyroscope; picture-in-picture; web-share\" referrerpolicy=\"strict-origin-when-cross-origin\" allowfullscreen><\/iframe>\n<\/div><\/figure>\n\n\n\n<p>S\u0142awa Miko\u0142ajczyk by\u0142a tak\u017ce laureatk\u0105 I Festiwalu M\u0142odych Talent\u00f3w w Szczecinie i jedn\u0105 z dw\u00f3ch wokalistek (obok Haliny \u017bytkowiak), kt\u00f3re w drugiej po\u0142owie lat 60. nagrywa\u0142y i koncertowa\u0142y z Trubadurami. O \u015bmierci piosenkarki napisa\u0142 w mediach spo\u0142eczno\u015bciowych Marian Lichtman oraz Miejskie Centrum Kultury w Ostrowcu \u015awi\u0119tokrzyskim.<\/p>\n\n\n\n<ul class=\"wp-block-list\">\n<li>Odesz\u0142a nasza wspania\u0142a piosenkarka S\u0142awka Miko\u0142ajczyk, pierwsza solistka Trubadur\u00f3w. Jest nam bardzo smutno \u2013 napisa\u0142 Marian Lichtman, muzyk zespo\u0142u Trubadurzy.<\/li>\n<\/ul>\n","protected":false},"excerpt":{"rendered":"W czwartek wieczorem przekazano fatalne wie\u015bci na temat jednej z najpopularniejszych polskich wokalistek w historii. Smutn\u0105 informacj\u0119 o \u015bmierci gwiazdy Trubadur\u00f3w, Czerwono-Czarnych czy \n<a class=\"moretag\" href=\"https:\/\/swiat24.pl.ua\/?p=13324\"> [...]<\/a>","protected":false},"author":1,"featured_media":13325,"comment_status":"open","ping_status":"open","sticky":false,"template":"","format":"standard","meta":{"footnotes":""},"categories":[1],"tags":[],"class_list":["post-13324","post","type-post","status-publish","format-standard","has-post-thumbnail","hentry","category-blog"],"_links":{"self":[{"href":"https:\/\/swiat24.pl.ua\/index.php?rest_route=\/wp\/v2\/posts\/13324","targetHints":{"allow":["GET"]}}],"collection":[{"href":"https:\/\/swiat24.pl.ua\/index.php?rest_route=\/wp\/v2\/posts"}],"about":[{"href":"https:\/\/swiat24.pl.ua\/index.php?rest_route=\/wp\/v2\/types\/post"}],"author":[{"embeddable":true,"href":"https:\/\/swiat24.pl.ua\/index.php?rest_route=\/wp\/v2\/users\/1"}],"replies":[{"embeddable":true,"href":"https:\/\/swiat24.pl.ua\/index.php?rest_route=%2Fwp%2Fv2%2Fcomments&post=13324"}],"version-history":[{"count":1,"href":"https:\/\/swiat24.pl.ua\/index.php?rest_route=\/wp\/v2\/posts\/13324\/revisions"}],"predecessor-version":[{"id":13326,"href":"https:\/\/swiat24.pl.ua\/index.php?rest_route=\/wp\/v2\/posts\/13324\/revisions\/13326"}],"wp:featuredmedia":[{"embeddable":true,"href":"https:\/\/swiat24.pl.ua\/index.php?rest_route=\/wp\/v2\/media\/13325"}],"wp:attachment":[{"href":"https:\/\/swiat24.pl.ua\/index.php?rest_route=%2Fwp%2Fv2%2Fmedia&parent=13324"}],"wp:term":[{"taxonomy":"category","embeddable":true,"href":"https:\/\/swiat24.pl.ua\/index.php?rest_route=%2Fwp%2Fv2%2Fcategories&post=13324"},{"taxonomy":"post_tag","embeddable":true,"href":"https:\/\/swiat24.pl.ua\/index.php?rest_route=%2Fwp%2Fv2%2Ftags&post=13324"}],"curies":[{"name":"wp","href":"https:\/\/api.w.org\/{rel}","templated":true}]}}