{"id":13299,"date":"2025-08-19T12:00:28","date_gmt":"2025-08-19T12:00:28","guid":{"rendered":"https:\/\/swiat24.pl.ua\/?p=13299"},"modified":"2025-08-19T12:00:28","modified_gmt":"2025-08-19T12:00:28","slug":"samochod-dachowal-i-wpadl-do-rowu-w-srodku-polski-polityk-i-dwie-kobiety","status":"publish","type":"post","link":"https:\/\/swiat24.pl.ua\/?p=13299","title":{"rendered":"Samoch\u00f3d dachowa\u0142 i wpad\u0142 do rowu. W \u015brodku polski polityk i dwie kobiety"},"content":{"rendered":"\n<p>Niebezpieczny wypadek polityka Platformy Obywatelskiej. Jego auto dachowa\u0142o i wpad\u0142o do rowu. Do zdarzenia dosz\u0142o w pi\u0105tek 24 listopada nad ranem. Samochodem podr\u00f3\u017cowa\u0142y tak\u017ce dwie pasa\u017cerki. Wszyscy trafili do szpitala.<\/p>\n\n\n\n<p>Wypadek drogowy senatora PO<br>Do wypadku dosz\u0142o w pi\u0105tek 24 listopada oko\u0142o godziny 9 w St\u0119knicy ko\u0142o \u0141eby. Samoch\u00f3d senatora PO Kazimierza Kleiny dachowa\u0142 i wpad\u0142 do przydro\u017cnego rowu. Razem z politykiem podr\u00f3\u017cowa\u0142y dwie pasa\u017cerki. Wszystkich ze zniszczonego pojazdu musieli wydobywa\u0107 stra\u017cacy.<\/p>\n\n\n\n<p>Dzia\u0142ania stra\u017cak\u00f3w polega\u0142y na zabezpieczeniu miejsca zdarzenia oraz wykonania za pomoc\u0105 narz\u0119dzi hydraulicznych dost\u0119pu do os\u00f3b poszkodowanych, uwi\u0119zionych w poje\u017adzie \u2013 informuje Komenda Powiatowa Pa\u0144stwowej Stra\u017cy Po\u017carnej w L\u0119borku.<br>Niebezpieczny wypadek senatora PO. Polityk i pasa\u017cerki trafili do szpitala<br>Jak poinformowa\u0142a stra\u017c po\u017carna w L\u0119borku, wszystkie poszkodowane osoby zosta\u0142y przetransportowane przez Zespo\u0142y Ratownictwa Medycznego do plac\u00f3wek medycznych. By\u0142y przytomne w momencie zdarzenia, jednak zakleszczone w aucie. Wiadomo, \u017ce kieruj\u0105cy samochodem 65-letni senator PO Kazimierz Kleina by\u0142 trze\u017awy.<\/p>\n\n\n\n<p>Wypadek senatora PO. Wiadomo co z jego stanem zdrowia<br>W rozmowie z Radiem Gda\u0144sk, senator PO Kazimierz Kleina przyzna\u0142, \u017ce nie ucierpia\u0142 w wypadku i nic powa\u017cnego mu si\u0119 nie sta\u0142o. Parlamentarzysta przyzna\u0142, \u017ce wpad\u0142 w po\u015blizg i dlatego zjecha\u0142 do rowu. Warunki na trasie w zwi\u0105zku z pogod\u0105 ostatnich dni by\u0142 prawdopodobnie trudne. \u2013 Podkre\u015bli\u0142, \u017ce nic powa\u017cnego si\u0119 nie sta\u0142o i na razie czuje si\u0119 dobrze \u2013 informuje rozg\u0142o\u015bnia.<\/p>\n\n\n\n<p>Na miejscu zdarzenia pracowa\u0142a policja, kt\u00f3ra ustala przyczyny. Jeden pas ruchu by\u0142 zablokowany.<\/p>\n","protected":false},"excerpt":{"rendered":"Niebezpieczny wypadek polityka Platformy Obywatelskiej. Jego auto dachowa\u0142o i wpad\u0142o do rowu. Do zdarzenia dosz\u0142o w pi\u0105tek 24 listopada nad ranem. Samochodem podr\u00f3\u017cowa\u0142y \n<a class=\"moretag\" href=\"https:\/\/swiat24.pl.ua\/?p=13299\"> [...]<\/a>","protected":false},"author":1,"featured_media":13300,"comment_status":"open","ping_status":"open","sticky":false,"template":"","format":"standard","meta":{"footnotes":""},"categories":[1],"tags":[],"class_list":["post-13299","post","type-post","status-publish","format-standard","has-post-thumbnail","hentry","category-blog"],"_links":{"self":[{"href":"https:\/\/swiat24.pl.ua\/index.php?rest_route=\/wp\/v2\/posts\/13299","targetHints":{"allow":["GET"]}}],"collection":[{"href":"https:\/\/swiat24.pl.ua\/index.php?rest_route=\/wp\/v2\/posts"}],"about":[{"href":"https:\/\/swiat24.pl.ua\/index.php?rest_route=\/wp\/v2\/types\/post"}],"author":[{"embeddable":true,"href":"https:\/\/swiat24.pl.ua\/index.php?rest_route=\/wp\/v2\/users\/1"}],"replies":[{"embeddable":true,"href":"https:\/\/swiat24.pl.ua\/index.php?rest_route=%2Fwp%2Fv2%2Fcomments&post=13299"}],"version-history":[{"count":1,"href":"https:\/\/swiat24.pl.ua\/index.php?rest_route=\/wp\/v2\/posts\/13299\/revisions"}],"predecessor-version":[{"id":13301,"href":"https:\/\/swiat24.pl.ua\/index.php?rest_route=\/wp\/v2\/posts\/13299\/revisions\/13301"}],"wp:featuredmedia":[{"embeddable":true,"href":"https:\/\/swiat24.pl.ua\/index.php?rest_route=\/wp\/v2\/media\/13300"}],"wp:attachment":[{"href":"https:\/\/swiat24.pl.ua\/index.php?rest_route=%2Fwp%2Fv2%2Fmedia&parent=13299"}],"wp:term":[{"taxonomy":"category","embeddable":true,"href":"https:\/\/swiat24.pl.ua\/index.php?rest_route=%2Fwp%2Fv2%2Fcategories&post=13299"},{"taxonomy":"post_tag","embeddable":true,"href":"https:\/\/swiat24.pl.ua\/index.php?rest_route=%2Fwp%2Fv2%2Ftags&post=13299"}],"curies":[{"name":"wp","href":"https:\/\/api.w.org\/{rel}","templated":true}]}}