{"id":13202,"date":"2025-08-17T12:10:48","date_gmt":"2025-08-17T12:10:48","guid":{"rendered":"https:\/\/swiat24.pl.ua\/?p=13202"},"modified":"2025-08-17T12:10:48","modified_gmt":"2025-08-17T12:10:48","slug":"podobno-17-letnia-corka-davida-beckhama-harper-jest-w-ciazy-ale-szokujaco-ujawnia-ze-prawdziwym-ojcem-dziecka-jest-ts-thuong","status":"publish","type":"post","link":"https:\/\/swiat24.pl.ua\/?p=13202","title":{"rendered":"Podobno 17-letnia c\u00f3rka Davida Beckhama, Harper, jest w ci\u0105\u017cy \u2013 ale SZOKUJ\u0104CO ujawnia, \u017ce prawdziwym ojcem dziecka jest\u2026 ts.thuong."},"content":{"rendered":"\n<p>Ka\u017cdy rodzic ma inny spos\u00f3b okazywania dziecku uczu\u0107. W por\u00f3wnaniu z przytulaniem czy pieszczotami, ca\u0142owanie dziecka w usta wywo\u0142uje mieszane uczucia. Dla niekt\u00f3rych ca\u0142owanie dziecka w usta mo\u017ce by\u0107 \u201ezbyt\u201d intensywnym sposobem okazywania uczu\u0107, zw\u0142aszcza gdy dziecko wchodzi w okres dojrzewania.<\/p>\n\n\n\n<p>\u015awiatowej s\u0142awy David Beckham s\u0142ynie z tego, \u017ce jest \u201eszalonym\u201d ojcem i cz\u0119sto ca\u0142uje swoj\u0105 najm\u0142odsz\u0105 c\u00f3rk\u0119, Harper Bechkam.<\/p>\n\n\n\n<p>Gdy Harper sko\u0144czy\u0142a 10 lat, David zacz\u0105\u0142 spotyka\u0107 si\u0119 z ostr\u0105 krytyk\u0105 ze strony spo\u0142eczno\u015bci politycznej, gdy opublikowa\u0142 na portalach spo\u0142eczno\u015bciowych zdj\u0119cie dw\u00f3jki ca\u0142uj\u0105cych si\u0119 os\u00f3b.<\/p>\n\n\n\n<p>Niekt\u00f3rzy u\u017cytkownicy internetu komentowali: \u201eDziewczyna uros\u0142a, czas przesta\u0107 j\u0105 ca\u0142owa\u0107\u201d, \u201eTo straszne ca\u0142owa\u0107 c\u00f3rk\u0119 w ten spos\u00f3b\u201d, \u201eTo pi\u0119kne, ale czekaj, nie ca\u0142uj c\u00f3rki w ten spos\u00f3b\u201d, \u201eDavid Beckham jest naprawd\u0119 nie\u015bmia\u0142y\u201d. No c\u00f3\u017c, on ju\u017c o tym wszystkim tr\u0105bi\u0142, ale si\u0119 nie zmieni\u0142. Zamierzasz ca\u0142owa\u0107 c\u00f3rk\u0119, dop\u00f3ki nie znajdzie sobie ch\u0142opaka?\u201d, \u201eTo wygl\u0105da naprawd\u0119 obrzydliwie\u201d,\u2026<\/p>\n\n\n\n<figure class=\"wp-block-image\"><img decoding=\"async\" src=\"https:\/\/2sao.vietnamnetjsc.vn\/images\/2023\/06\/01\/10\/07\/beckham-2.jpg\" alt=\"\"\/><\/figure>\n\n\n\n<p>.<\/p>\n\n\n\n<figure class=\"wp-block-image\"><img decoding=\"async\" src=\"https:\/\/2sao.vietnamnetjsc.vn\/images\/2023\/06\/01\/10\/07\/beckham-6.jpg\" alt=\"\"\/><\/figure>\n\n\n\n<p>Beckham poca\u0142owa\u0142 swoj\u0105 c\u00f3rk\u0119, gdy by\u0142a jeszcze niemowl\u0119ciem.<\/p>\n\n\n\n<p>S\u0105 jednak r\u00f3wnie\u017c rodzice, kt\u00f3rzy sympatyzuj\u0105 i w pe\u0142ni popieraj\u0105 by\u0142ego gracza Eglota. Uwa\u017caj\u0105: \u201eTo niesprawiedliwe, \u017ce rodzice okazuj\u0105 uczucia poprzez poca\u0142unki. To po prostu spos\u00f3b na wyra\u017cenie swoich uczu\u0107\u201d, \u201eWspaniale widzie\u0107 tak blisk\u0105 relacj\u0119 ojcowsko-ma\u0142\u017ce\u0144sk\u0105\u201d, \u201eNie my\u015blcie za du\u017co, Dawid jest uzale\u017cniony od swojego m\u0119\u017ca\u201d\u2026<\/p>\n\n\n\n<p>Podobnie jak David Beckham, ojciec czw\u00f3rki dzieci, nie waha\u0142 si\u0119 wypowiedzie\u0107 na temat krytyki za poca\u0142owanie c\u00f3rki w usta. Wyja\u015bni\u0142: \u201eJestem bardzo czu\u0142y wobec dzieci, tak w\u0142a\u015bnie Victoria mnie wychowa\u0142a i wychowa\u0142a nasze dzieci\u201d.<\/p>\n\n\n\n<p>\u201eChcemy okazywa\u0107 mi\u0142o\u015b\u0107 dzieciom, wiesz, moja rodzina jest bardzo kochaj\u0105ca\u201d \u2013 doda\u0142.<\/p>\n\n\n\n<p>W przesz\u0142o\u015bci David Beckham otwarcie przyzna\u0142, \u017ce ca\u0142owa\u0142 wszystkie swoje dzieci. Powiedzia\u0142: \u201eKrytykowano mnie za ca\u0142owanie c\u00f3rki w usta. Ca\u0142uj\u0119 wszystkie moje dzieci w usta, mo\u017ce z wyj\u0105tkiem Brookly. Brooklyn ma 18 lat, co mo\u017ce by\u0107 dla niej troch\u0119 niestosowne\u201d.<\/p>\n\n\n\n<figure class=\"wp-block-image\"><img decoding=\"async\" src=\"https:\/\/2sao.vietnamnetjsc.vn\/images\/2023\/06\/01\/10\/07\/beckham-1.jpg\" alt=\"\"\/><\/figure>\n\n\n\n<p>.<\/p>\n\n\n\n<figure class=\"wp-block-image\"><img decoding=\"async\" src=\"https:\/\/2sao.vietnamnetjsc.vn\/images\/2023\/06\/01\/10\/07\/beckham-3.jpg\" alt=\"\"\/><\/figure>\n\n\n\n<p>.<\/p>\n\n\n\n<figure class=\"wp-block-image\"><img decoding=\"async\" src=\"https:\/\/2sao.vietnamnetjsc.vn\/images\/2023\/06\/01\/10\/07\/beckham-5.jpg\" alt=\"\"\/><\/figure>\n\n\n\n<p>Jednak w oczach ludzi poca\u0142unek by\u0142ego pi\u0142karza z Harper Beckham by\u0142 niestosowny.<\/p>\n\n\n\n<p>Pi\u0142karz David Beckham i by\u0142a cz\u0142onkini Spicy Girls, Victoria Beckham, s\u0105 uwa\u017cani za par\u0119 marze\u0144 bran\u017cy filmowej. Para jest razem od 23 lat i ma czworo dzieci: Brookly, Romeo, Cruz i Harper.<\/p>\n\n\n\n<p>W\u015br\u00f3d nich najm\u0142odsza Harper, jedyna c\u00f3rka, otrzymuje mn\u00f3stwo rozpieszczania od rodzic\u00f3w i rodze\u0144stwa.<\/p>\n\n\n\n<p>Od momentu urodzenia Harper by\u0142a postrzegana jako kobieta ze srebrn\u0105 \u0142y\u017ceczk\u0105 w ustach, staj\u0105c si\u0119 centrum uwagi medi\u00f3w.<\/p>\n\n\n\n<p>W okresie dojrzewania Harper prezentowa\u0142a si\u0119 jako pi\u0119kna, m\u0142oda kobieta z blond w\u0142osami, wysok\u0105 postur\u0105 i coraz bardziej eksponuj\u0105c\u0105 swoj\u0105 osobowo\u015b\u0107. Jednak b\u0119d\u0105c z ojcem, Harper wci\u0105\u017c by\u0142a nieco rozpieszczona, rozpieszczona do granic mo\u017cliwo\u015bci.<\/p>\n\n\n\n<figure class=\"wp-block-image\"><img decoding=\"async\" src=\"https:\/\/2sao.vietnamnetjsc.vn\/images\/2023\/06\/01\/10\/07\/beckham-4.jpg\" alt=\"\"\/><\/figure>\n\n\n\n<p>.<\/p>\n\n\n\n<figure class=\"wp-block-image\"><img decoding=\"async\" src=\"https:\/\/2sao.vietnamnetjsc.vn\/images\/2023\/06\/01\/10\/07\/beckham-1.png\" alt=\"\"\/><\/figure>\n\n\n\n<p>4Spa\u043fishDziewczyna, kt\u00f3rej ojciec by\u0142 \u015bwiatowej s\u0142awy pi\u0142karzem, a matka projektantk\u0105 mody, Harper Beckham do\u015bwiadczy\u0142a wielu sposob\u00f3w na samopoznanie, od uczestnictwa w najlepszych pokazach mody na \u015bwiecie po uprawianie sportu i studiowanie sztuki w jednej z najbardziej presti\u017cowych szk\u00f3\u0142 w Europie, znanych jako \u201eartystyczna grupa zainteresowa\u0144 zarezerwowana dla arystokracji\u201d.<\/p>\n\n\n\n<p>Mo\u017cna zauwa\u017cy\u0107, \u017ce David Beakham po\u015bwi\u0119ci\u0142 wszystkie swoje wysi\u0142ki \u017conie, tworz\u0105c dla niej warunki do pe\u0142nego rozwoju jej talentu. Co wi\u0119cej, para wychowuje c\u00f3rk\u0119 bardzo surowo.<\/p>\n\n\n\n<p>Ma\u0142o kto wie, \u017ce Victoria kategorycznie zabroni\u0142a Harper noszenia makija\u017cu podczas wyj\u015b\u0107, z wyj\u0105tkiem specjalnych okazji. Ponadto para z listy A ustala r\u00f3wnie\u017c zasady dotycz\u0105ce udost\u0119pniania zdj\u0119\u0107 swoim dzieciom i kontroluje ich posty w mediach spo\u0142eczno\u015bciowych.<\/p>\n\n\n\n<p>\u201eJeste\u015bmy surowymi i wymagaj\u0105cymi rodzicami. Ale jeste\u015bmy jak wi\u0119kszo\u015b\u0107 rodzic\u00f3w. Kochamy nasze dzieci i chcemy dla nich tylko tego, co najlepsze\u201d \u2013 powiedzia\u0142 ojciec czw\u00f3rki dzieci.<\/p>\n\n\n\n<p>12-letniej c\u00f3rce Yolo Beckhama zakazano noszenia makija\u017cu, gdy wychodzi<\/p>\n","protected":false},"excerpt":{"rendered":"Ka\u017cdy rodzic ma inny spos\u00f3b okazywania dziecku uczu\u0107. W por\u00f3wnaniu z przytulaniem czy pieszczotami, ca\u0142owanie dziecka w usta wywo\u0142uje mieszane uczucia. Dla niekt\u00f3rych \n<a class=\"moretag\" href=\"https:\/\/swiat24.pl.ua\/?p=13202\"> [...]<\/a>","protected":false},"author":1,"featured_media":13203,"comment_status":"open","ping_status":"open","sticky":false,"template":"","format":"standard","meta":{"footnotes":""},"categories":[1],"tags":[],"class_list":["post-13202","post","type-post","status-publish","format-standard","has-post-thumbnail","hentry","category-blog"],"_links":{"self":[{"href":"https:\/\/swiat24.pl.ua\/index.php?rest_route=\/wp\/v2\/posts\/13202","targetHints":{"allow":["GET"]}}],"collection":[{"href":"https:\/\/swiat24.pl.ua\/index.php?rest_route=\/wp\/v2\/posts"}],"about":[{"href":"https:\/\/swiat24.pl.ua\/index.php?rest_route=\/wp\/v2\/types\/post"}],"author":[{"embeddable":true,"href":"https:\/\/swiat24.pl.ua\/index.php?rest_route=\/wp\/v2\/users\/1"}],"replies":[{"embeddable":true,"href":"https:\/\/swiat24.pl.ua\/index.php?rest_route=%2Fwp%2Fv2%2Fcomments&post=13202"}],"version-history":[{"count":1,"href":"https:\/\/swiat24.pl.ua\/index.php?rest_route=\/wp\/v2\/posts\/13202\/revisions"}],"predecessor-version":[{"id":13204,"href":"https:\/\/swiat24.pl.ua\/index.php?rest_route=\/wp\/v2\/posts\/13202\/revisions\/13204"}],"wp:featuredmedia":[{"embeddable":true,"href":"https:\/\/swiat24.pl.ua\/index.php?rest_route=\/wp\/v2\/media\/13203"}],"wp:attachment":[{"href":"https:\/\/swiat24.pl.ua\/index.php?rest_route=%2Fwp%2Fv2%2Fmedia&parent=13202"}],"wp:term":[{"taxonomy":"category","embeddable":true,"href":"https:\/\/swiat24.pl.ua\/index.php?rest_route=%2Fwp%2Fv2%2Fcategories&post=13202"},{"taxonomy":"post_tag","embeddable":true,"href":"https:\/\/swiat24.pl.ua\/index.php?rest_route=%2Fwp%2Fv2%2Ftags&post=13202"}],"curies":[{"name":"wp","href":"https:\/\/api.w.org\/{rel}","templated":true}]}}