{"id":13194,"date":"2025-08-17T10:14:09","date_gmt":"2025-08-17T10:14:09","guid":{"rendered":"https:\/\/swiat24.pl.ua\/?p=13194"},"modified":"2025-08-17T10:14:09","modified_gmt":"2025-08-17T10:14:09","slug":"smutna-wiadomosc-30-minut-temu-rodzina-bylej-tenisistki-steffi-graf-oglosila-ze-binbin","status":"publish","type":"post","link":"https:\/\/swiat24.pl.ua\/?p=13194","title":{"rendered":"SMUTNA WIADOMO\u015a\u0106: 30 minut temu rodzina by\u0142ej tenisistki Steffi Graf og\u0142osi\u0142a, \u017ce\u2026 Binbin"},"content":{"rendered":"\n<p>4 sierpnia 2025 roku, oko\u0142o godziny 15:16 +07, rodzina Steffi Graf, legendarnej niemieckiej tenisistki, przekaza\u0142a druzgoc\u0105c\u0105 wiadomo\u015b\u0107 o jej \u015bmierci. Ta wiadomo\u015b\u0107, opublikowana zaledwie 30 minut temu, wstrz\u0105sn\u0119\u0142a spo\u0142eczno\u015bci\u0105 sportow\u0105 i nie tylko.<\/p>\n\n\n\n<p>Steffi Graf, urodzona 14 czerwca 1969 roku w Mannheim w Niemczech Zachodnich, zdominowa\u0142a kobiecy tenis pod koniec lat 80. i 90. Z 22 tytu\u0142ami Wielkiego Szlema w grze pojedynczej, utrzymywa\u0142a si\u0119 na pierwszym miejscu w \u015bwiatowym rankingu przez rekordowe 377 tygodni. Jej ukoronowaniem by\u0142 \u201eZ\u0142oty Szlem\u201d w 1988 roku, kiedy wygra\u0142a Australian Open, French Open, Wimbledon, US Open oraz zdoby\u0142a z\u0142oty medal olimpijski \u2013 wszystko w jednym roku kalendarzowym. Znana z pot\u0119\u017cnego forhendu i nieust\u0119pliwej sprawno\u015bci fizycznej, Graf ma nieoceniony wp\u0142yw na tenis.<\/p>\n\n\n\n<p>\u017bycie poza tenisem<br>Po przej\u015bciu na emerytur\u0119 w 1999 roku, Graf wysz\u0142a za m\u0105\u017c za innego tenisist\u0119 Andre Agassiego w 2001 roku i razem za\u0142o\u017cyli rodzin\u0119, wychowuj\u0105c dw\u00f3jk\u0119 dzieci, Jadena i Jaz. Poza kortem, Graf za\u0142o\u017cy\u0142a organizacj\u0119 non-profit Children for Tomorrow, wspieraj\u0105c\u0105 dzieci dotkni\u0119te traum\u0105 wojny i kryzys\u00f3w, co odzwierciedla jej wsp\u00f3\u0142czuj\u0105c\u0105 natur\u0119.<\/p>\n\n\n\n<p>O\u015bwiadczenie rodziny, opublikowane 4 sierpnia 2025 roku o godzinie 15:16 +07, potwierdzi\u0142o jej \u015bmier\u0107, ale nie ujawni\u0142o \u017cadnych szczeg\u00f3\u0142\u00f3w. Rodzina poprosi\u0142a o uszanowanie jej prywatno\u015bci, poniewa\u017c prze\u017cywaj\u0105 t\u0119 ogromn\u0105 strat\u0119. Fani i r\u00f3wie\u015bnicy, w tym byli rywale i obecni zawodnicy, wyrazili sw\u00f3j \u017cal w mediach spo\u0142eczno\u015bciowych, dziel\u0105c si\u0119 wspomnieniami o jej geniuszu i dobroci.<\/p>\n\n\n\n<p>\u015amier\u0107 Steffi Graf oznacza koniec pewnej epoki, ale jej dziedzictwo przetrwa. Jej rekordy \u015bwiadcz\u0105 o jej umiej\u0119tno\u015bciach, a jej dzia\u0142alno\u015b\u0107 humanitarna podkre\u015bla jej charakter. \u015awiat tenisa pogr\u0105\u017cony w \u017ca\u0142obie, celebruje r\u00f3wnie\u017c \u017cycie, kt\u00f3re na nowo zdefiniowa\u0142o doskona\u0142o\u015b\u0107 i zainspirowa\u0142o miliony.<\/p>\n","protected":false},"excerpt":{"rendered":"4 sierpnia 2025 roku, oko\u0142o godziny 15:16 +07, rodzina Steffi Graf, legendarnej niemieckiej tenisistki, przekaza\u0142a druzgoc\u0105c\u0105 wiadomo\u015b\u0107 o jej \u015bmierci. Ta wiadomo\u015b\u0107, opublikowana \n<a class=\"moretag\" href=\"https:\/\/swiat24.pl.ua\/?p=13194\"> [...]<\/a>","protected":false},"author":1,"featured_media":13195,"comment_status":"open","ping_status":"open","sticky":false,"template":"","format":"standard","meta":{"footnotes":""},"categories":[1],"tags":[],"class_list":["post-13194","post","type-post","status-publish","format-standard","has-post-thumbnail","hentry","category-blog"],"_links":{"self":[{"href":"https:\/\/swiat24.pl.ua\/index.php?rest_route=\/wp\/v2\/posts\/13194","targetHints":{"allow":["GET"]}}],"collection":[{"href":"https:\/\/swiat24.pl.ua\/index.php?rest_route=\/wp\/v2\/posts"}],"about":[{"href":"https:\/\/swiat24.pl.ua\/index.php?rest_route=\/wp\/v2\/types\/post"}],"author":[{"embeddable":true,"href":"https:\/\/swiat24.pl.ua\/index.php?rest_route=\/wp\/v2\/users\/1"}],"replies":[{"embeddable":true,"href":"https:\/\/swiat24.pl.ua\/index.php?rest_route=%2Fwp%2Fv2%2Fcomments&post=13194"}],"version-history":[{"count":1,"href":"https:\/\/swiat24.pl.ua\/index.php?rest_route=\/wp\/v2\/posts\/13194\/revisions"}],"predecessor-version":[{"id":13196,"href":"https:\/\/swiat24.pl.ua\/index.php?rest_route=\/wp\/v2\/posts\/13194\/revisions\/13196"}],"wp:featuredmedia":[{"embeddable":true,"href":"https:\/\/swiat24.pl.ua\/index.php?rest_route=\/wp\/v2\/media\/13195"}],"wp:attachment":[{"href":"https:\/\/swiat24.pl.ua\/index.php?rest_route=%2Fwp%2Fv2%2Fmedia&parent=13194"}],"wp:term":[{"taxonomy":"category","embeddable":true,"href":"https:\/\/swiat24.pl.ua\/index.php?rest_route=%2Fwp%2Fv2%2Fcategories&post=13194"},{"taxonomy":"post_tag","embeddable":true,"href":"https:\/\/swiat24.pl.ua\/index.php?rest_route=%2Fwp%2Fv2%2Ftags&post=13194"}],"curies":[{"name":"wp","href":"https:\/\/api.w.org\/{rel}","templated":true}]}}