{"id":13188,"date":"2025-08-16T18:01:26","date_gmt":"2025-08-16T18:01:26","guid":{"rendered":"https:\/\/swiat24.pl.ua\/?p=13188"},"modified":"2025-08-16T18:01:26","modified_gmt":"2025-08-16T18:01:26","slug":"gwiazda-m-jak-milosc-odeszla-w-wieku-37-lat-tuz-przed-smiercia-nagrala-film-ta-historia-wyciska-lzy","status":"publish","type":"post","link":"https:\/\/swiat24.pl.ua\/?p=13188","title":{"rendered":"Gwiazda \u201cM jak mi\u0142o\u015b\u0107\u201d odesz\u0142a w wieku 37 lat, tu\u017c przed \u015bmierci\u0105 nagra\u0142a film. Ta historia wyciska \u0142zy"},"content":{"rendered":"\n<p>\u201cM jak mi\u0142o\u015b\u0107\u201d to jeden z ulubionych seriali Polak\u00f3w. Aktorzy i aktorki graj\u0105cy w filmie cz\u0119sto s\u0105 ulubie\u0144cami widz\u00f3w, kt\u00f3rzy uto\u017csamiaj\u0105 si\u0119 z ich historiami i mocno im kibicuj\u0105.<\/p>\n\n\n\n<p>\u015amier\u0107 uwielbianej artystki mocno wstrz\u0105sn\u0119\u0142a fanami, kt\u00f3rzy do ko\u0144ca wierzyli, \u017ce gwiazda wygra z podst\u0119pn\u0105 chorob\u0105.<\/p>\n\n\n\n<p>Gwiazda \u201cM jak mi\u0142o\u015b\u0107\u201d nie \u017cyje<br>Kiedy ze \u015bwiatem \u017cegna si\u0119 m\u0142oda osoba, jest to ogromny cios przede wszystkim dla najbli\u017cszych, jak i r\u00f3wnie\u017c tych, kt\u00f3rzy znali t\u0119 osob\u0119. Nie inaczej by\u0142o, kiedy do medi\u00f3w dotar\u0142a smutna informacja o \u015bmierci uwielbianej aktorki z \u201cM jak mi\u0142o\u015b\u0107\u201d. Kobieta odesz\u0142a w wieku zaledwie 37 lat i osieroci\u0142a swoje dwie malutkie c\u00f3reczki.<\/p>\n\n\n\n<p>Aktorka walczy\u0142a z rakiem piersi, podobnie, jak jej mama. W 2018 roku podda\u0142a si\u0119 operacji usuni\u0119cia w\u0119z\u0142\u00f3w ch\u0142onnych, jednak jej stan zdrowia poprawi\u0142 si\u0119 chwilowo. Z czasem pojawi\u0142y si\u0119 przerzuty do ko\u015bci, a rok p\u00f3\u017aniej gwiazda rozpaczliwie prosi\u0142a o pomoc finansow\u0105, by uda\u0107 si\u0119 do Niemiec na terapi\u0119.<\/p>\n\n\n\n<p>Aktorka z \u201cM jak mi\u0142o\u015b\u0107\u201d przed \u015bmierci\u0105 nagra\u0142a film<br>Judyta Turan znana by\u0142a nie tylko z popularnych seriali, takich jak \u201cM jak mi\u0142o\u015b\u0107\u201d, \u201cKlan\u201d czy \u201cNa Wsp\u00f3lnej\u201d, ale spe\u0142nia\u0142a si\u0119 r\u00f3wnie\u017c jako aktorka teatralna. Zmar\u0142a 12 lutego 2021 roku, jednak pami\u0119\u0107 o niej wci\u0105\u017c jest \u017cywa.<\/p>\n\n\n\n<p>Artystka tu\u017c przed \u015bmierci\u0105 nagra\u0142a film o tytule \u201cSz\u00f3ste \u017cycie\u201d, kt\u00f3ry skupia si\u0119 na jej walce z chorob\u0105. Zobaczy\u0107 w nim mo\u017cemy przebieg chemioterapii, a tak\u017ce rozmowy z lekarzem.<\/p>\n\n\n\n<p>\u201cTo bardzo z\u0142o\u015bliwy nowotw\u00f3r\u201d. Us\u0142ysza\u0142am t\u0119 diagnoz\u0119 ponad dwa lata temu. Dla wielu taka informacja oznacza koniec, kres, niemoc. Uwa\u017cam, \u017ce jest zupe\u0142nie odwrotnie. Rak piersi HER 2+ by\u0142 dla mnie nowym pocz\u0105tkiem, filmowym sz\u00f3stym \u017cyciem danym od losu, zbudowanym na akceptacji i rozwoju duchowym \u2013 pisa\u0142a Judyta w 2020 roku.<\/p>\n\n\n\n<p>\u015amier\u0107 Judyty Turan wstrz\u0105sn\u0119\u0142a Polsk\u0105<br>Cho\u0107 od tych przykrych wydarze\u0144 min\u0119\u0142o ju\u017c kilka lat, artystka wci\u0105\u017c jest wspominana. By\u0142a bowiem wyj\u0105tkowo utalentowana i ambitna, spe\u0142niaj\u0105c si\u0119 na wielu p\u0142aszczyznach. Swoj\u0105 trudn\u0105 histori\u0119 wykorzysta\u0142a do tworzenia kolejnych dzie\u0142, daj\u0105c tym samym motywacj\u0119 i nadziej\u0119 dla innych chorych.<\/p>\n\n\n\n<p>Posta\u0107 piel\u0119gniarki Niny, w kt\u00f3r\u0105 Judyta wciela\u0142a si\u0119 w \u201cM jak mi\u0142o\u015b\u0107\u201d zapad\u0142a w pami\u0119ci widz\u00f3w, kt\u00f3rzy wci\u0105\u017c wspominaj\u0105 dzieln\u0105 artystk\u0119.<\/p>\n","protected":false},"excerpt":{"rendered":"\u201cM jak mi\u0142o\u015b\u0107\u201d to jeden z ulubionych seriali Polak\u00f3w. Aktorzy i aktorki graj\u0105cy w filmie cz\u0119sto s\u0105 ulubie\u0144cami widz\u00f3w, kt\u00f3rzy uto\u017csamiaj\u0105 si\u0119 z \n<a class=\"moretag\" href=\"https:\/\/swiat24.pl.ua\/?p=13188\"> [...]<\/a>","protected":false},"author":1,"featured_media":13189,"comment_status":"open","ping_status":"open","sticky":false,"template":"","format":"standard","meta":{"footnotes":""},"categories":[1],"tags":[],"class_list":["post-13188","post","type-post","status-publish","format-standard","has-post-thumbnail","hentry","category-blog"],"_links":{"self":[{"href":"https:\/\/swiat24.pl.ua\/index.php?rest_route=\/wp\/v2\/posts\/13188","targetHints":{"allow":["GET"]}}],"collection":[{"href":"https:\/\/swiat24.pl.ua\/index.php?rest_route=\/wp\/v2\/posts"}],"about":[{"href":"https:\/\/swiat24.pl.ua\/index.php?rest_route=\/wp\/v2\/types\/post"}],"author":[{"embeddable":true,"href":"https:\/\/swiat24.pl.ua\/index.php?rest_route=\/wp\/v2\/users\/1"}],"replies":[{"embeddable":true,"href":"https:\/\/swiat24.pl.ua\/index.php?rest_route=%2Fwp%2Fv2%2Fcomments&post=13188"}],"version-history":[{"count":1,"href":"https:\/\/swiat24.pl.ua\/index.php?rest_route=\/wp\/v2\/posts\/13188\/revisions"}],"predecessor-version":[{"id":13190,"href":"https:\/\/swiat24.pl.ua\/index.php?rest_route=\/wp\/v2\/posts\/13188\/revisions\/13190"}],"wp:featuredmedia":[{"embeddable":true,"href":"https:\/\/swiat24.pl.ua\/index.php?rest_route=\/wp\/v2\/media\/13189"}],"wp:attachment":[{"href":"https:\/\/swiat24.pl.ua\/index.php?rest_route=%2Fwp%2Fv2%2Fmedia&parent=13188"}],"wp:term":[{"taxonomy":"category","embeddable":true,"href":"https:\/\/swiat24.pl.ua\/index.php?rest_route=%2Fwp%2Fv2%2Fcategories&post=13188"},{"taxonomy":"post_tag","embeddable":true,"href":"https:\/\/swiat24.pl.ua\/index.php?rest_route=%2Fwp%2Fv2%2Ftags&post=13188"}],"curies":[{"name":"wp","href":"https:\/\/api.w.org\/{rel}","templated":true}]}}