{"id":13160,"date":"2025-08-16T11:31:01","date_gmt":"2025-08-16T11:31:01","guid":{"rendered":"https:\/\/swiat24.pl.ua\/?p=13160"},"modified":"2025-08-16T11:31:01","modified_gmt":"2025-08-16T11:31:01","slug":"jakie-wyksztalcenie-posiada-szymon-holownia-prawdziwa-historia-ktora-wzbudzila-emocje","status":"publish","type":"post","link":"https:\/\/swiat24.pl.ua\/?p=13160","title":{"rendered":"JAKIE WYKSZTA\u0141CENIE POSIADA SZYMON HO\u0141OWNIA? PRAWDZIWA HISTORIA, KT\u00d3RA WZBUDZI\u0141A EMOCJE"},"content":{"rendered":"\n<p>NIEOCZEKIWANA BURZA WOK\u00d3\u0141 EDUKACJI NOWEGO MARSZA\u0141KA<br>Niecz\u0119sto zdarza si\u0119, aby temat wykszta\u0142cenia polityka wywo\u0142ywa\u0142 a\u017c tyle zamieszania, co w przypadku Szymona Ho\u0142owni. Od momentu obj\u0119cia przez niego funkcji marsza\u0142ka Sejmu, opinia publiczna \u017cywo interesuje si\u0119 nie tylko jego decyzjami i stylem prowadzenia obrad, ale te\u017c\u2026 rubryk\u0105 z wykszta\u0142ceniem na stronie internetowej Sejmu. I w\u0142a\u015bnie ta niepozorna informacja rozpali\u0142a internet do czerwono\u015bci.<\/p>\n\n\n\n<p>Kiedy zauwa\u017cono, \u017ce w oficjalnym biogramie marsza\u0142ka brakuje informacji o jego wykszta\u0142ceniu, szybko posypa\u0142y si\u0119 oskar\u017cenia. Jeden z pos\u0142\u00f3w opozycji nie omieszka\u0142 zadrwi\u0107, sugeruj\u0105c, \u017ce Ho\u0142ownia wstydzi si\u0119 swojego wykszta\u0142cenia tak bardzo, \u017ce celowo pomini\u0119to ten fakt. Ostatecznie Sejm opublikowa\u0142 sprostowanie, wyja\u015bniaj\u0105c, \u017ce brak by\u0142 zwyk\u0142ym b\u0142\u0119dem technicznym, a nie zamierzonym dzia\u0142aniem.<\/p>\n\n\n\n<p>SZYMON HO\u0141OWNIA \u2013 CZ\u0141OWIEK BEZ DYPLOMU, ALE NIE BEZ WIEDZY<br>Kiedy temat trafi\u0142 na pierwsze strony portali informacyjnych, pad\u0142o wiele nieprzychylnych komentarzy. A jaka jest prawda? Szymon Ho\u0142ownia uko\u0144czy\u0142 renomowane liceum w Bia\u0142ymstoku, a nast\u0119pnie przez pi\u0119\u0107 lat studiowa\u0142 psychologi\u0119 w warszawskiej Szkole Wy\u017cszej Psychologii Spo\u0142ecznej. Studi\u00f3w jednak nie uko\u0144czy\u0142, co w Polsce wci\u0105\u017c przez niekt\u00f3rych odbierane jest jako powa\u017cny deficyt, szczeg\u00f3lnie u osoby pe\u0142ni\u0105cej wa\u017cn\u0105 funkcj\u0119 pa\u0144stwow\u0105.<\/p>\n\n\n\n<p>Czy jednak brak dyplomu wyklucza kompetencje? Przypomina mi si\u0119 rozmowa z moim ojcem \u2013 emerytowanym rzemie\u015blnikiem \u2013 kt\u00f3ry mawia\u0142: \u201eTytu\u0142y s\u0105 jak ozdoby na choince \u2013 ciesz\u0105 oko, ale to korzenie decyduj\u0105, czy drzewo stoi mocno\u201d. I trudno si\u0119 z tym nie zgodzi\u0107.<\/p>\n\n\n\n<p>DLACZEGO EDUKACJA TO NIE TYLKO DYPLOM<br>Sam Ho\u0142ownia nie unika\u0142 tego tematu. W jednym z wywiad\u00f3w wspomnia\u0142, \u017ce nie ma kompleks\u00f3w z powodu braku tytu\u0142u naukowego, a historia zna wielu wielkich ludzi, kt\u00f3rzy nie uko\u0144czyli studi\u00f3w. Wspomnia\u0142 Tadeusza Mazowieckiego \u2013 pierwszego niekomunistycznego premiera Polski \u2013 kt\u00f3ry r\u00f3wnie\u017c nie mia\u0142 wy\u017cszego wykszta\u0142cenia. I rzeczywi\u015bcie, trudno zarzuci\u0107 Mazowieckiemu brak kompetencji czy obycia.<\/p>\n\n\n\n<p>Co wi\u0119cej, Ho\u0142ownia celnie zauwa\u017cy\u0142, \u017ce sam tytu\u0142 naukowy nie gwarantuje m\u0105dro\u015bci. Odni\u00f3s\u0142 si\u0119 do prezydenta Andrzeja Dudy, pytaj\u0105c retorycznie, co z tego, \u017ce jest doktorem prawa, skoro jego decyzje dotycz\u0105ce s\u0105downictwa wzbudzaj\u0105 tyle kontrowersji. To nie by\u0142a z\u0142o\u015bliwo\u015b\u0107, ale mocny punkt w debacie publicznej o tym, czym naprawd\u0119 jest wiedza i dojrza\u0142o\u015b\u0107 polityczna.<\/p>\n\n\n\n<p>CZY WSP\u00d3\u0141CZESNA POLITYKA POTRZEBUJE DYPLOM\u00d3W CZY CHARAKTERU?<br>Ogl\u0105daj\u0105c Sejm z perspektywy zwyk\u0142ego obywatela, cz\u0119sto mam wra\u017cenie, \u017ce brakuje tam ludzi z \u017cyciowym do\u015bwiadczeniem. Tych, kt\u00f3rzy wiedz\u0105, jak wygl\u0105da \u017cycie zwyk\u0142ych Polak\u00f3w, a nie tylko tych, kt\u00f3rzy latami budowali karier\u0119 akademick\u0105. Nie twierdz\u0119, \u017ce wykszta\u0142cenie nie ma znaczenia \u2013 oczywi\u015bcie, \u017ce ma. Ale czasem wi\u0119cej m\u0105dro\u015bci wynosi si\u0119 z pracy, dzia\u0142alno\u015bci spo\u0142ecznej i rozm\u00f3w z lud\u017ami ni\u017c z wyk\u0142ad\u00f3w na uczelni.<\/p>\n\n\n\n<p>Szymon Ho\u0142ownia od lat dzia\u0142a publicznie \u2013 jako dziennikarz, za\u0142o\u017cyciel fundacji, komentator \u017cycia spo\u0142ecznego. Zyska\u0142 sympati\u0119 wielu Polak\u00f3w nie dlatego, \u017ce ma dyplom, ale dlatego, \u017ce m\u00f3wi j\u0119zykiem ludzi, rozumie ich problemy i nie unika trudnych pyta\u0144.<\/p>\n\n\n\n<p>LEKCJA NA DZI\u015a: NIE OCENIAJMY KSI\u0104\u017bKI PO OK\u0141ADCE<br>Zamieszanie wok\u00f3\u0142 wykszta\u0142cenia marsza\u0142ka Sejmu jest tylko kolejnym przyk\u0142adem tego, jak \u0142atwo w dzisiejszych czasach przyklei\u0107 komu\u015b etykietk\u0119. A mo\u017ce zamiast tego warto skupi\u0107 si\u0119 na tym, co naprawd\u0119 istotne \u2013 na warto\u015bciach, postawie, umiej\u0119tno\u015bci prowadzenia dialogu i rozumienia drugiego cz\u0142owieka.<\/p>\n\n\n\n<p>Bo cho\u0107 dyplom mo\u017ce otworzy\u0107 wiele drzwi, to dopiero serce i rozum decyduj\u0105, jak\u0105 drog\u0105 p\u00f3jdziemy dalej.<\/p>\n","protected":false},"excerpt":{"rendered":"NIEOCZEKIWANA BURZA WOK\u00d3\u0141 EDUKACJI NOWEGO MARSZA\u0141KANiecz\u0119sto zdarza si\u0119, aby temat wykszta\u0142cenia polityka wywo\u0142ywa\u0142 a\u017c tyle zamieszania, co w przypadku Szymona Ho\u0142owni. Od momentu \n<a class=\"moretag\" href=\"https:\/\/swiat24.pl.ua\/?p=13160\"> [...]<\/a>","protected":false},"author":1,"featured_media":13161,"comment_status":"open","ping_status":"open","sticky":false,"template":"","format":"standard","meta":{"footnotes":""},"categories":[1],"tags":[],"class_list":["post-13160","post","type-post","status-publish","format-standard","has-post-thumbnail","hentry","category-blog"],"_links":{"self":[{"href":"https:\/\/swiat24.pl.ua\/index.php?rest_route=\/wp\/v2\/posts\/13160","targetHints":{"allow":["GET"]}}],"collection":[{"href":"https:\/\/swiat24.pl.ua\/index.php?rest_route=\/wp\/v2\/posts"}],"about":[{"href":"https:\/\/swiat24.pl.ua\/index.php?rest_route=\/wp\/v2\/types\/post"}],"author":[{"embeddable":true,"href":"https:\/\/swiat24.pl.ua\/index.php?rest_route=\/wp\/v2\/users\/1"}],"replies":[{"embeddable":true,"href":"https:\/\/swiat24.pl.ua\/index.php?rest_route=%2Fwp%2Fv2%2Fcomments&post=13160"}],"version-history":[{"count":1,"href":"https:\/\/swiat24.pl.ua\/index.php?rest_route=\/wp\/v2\/posts\/13160\/revisions"}],"predecessor-version":[{"id":13162,"href":"https:\/\/swiat24.pl.ua\/index.php?rest_route=\/wp\/v2\/posts\/13160\/revisions\/13162"}],"wp:featuredmedia":[{"embeddable":true,"href":"https:\/\/swiat24.pl.ua\/index.php?rest_route=\/wp\/v2\/media\/13161"}],"wp:attachment":[{"href":"https:\/\/swiat24.pl.ua\/index.php?rest_route=%2Fwp%2Fv2%2Fmedia&parent=13160"}],"wp:term":[{"taxonomy":"category","embeddable":true,"href":"https:\/\/swiat24.pl.ua\/index.php?rest_route=%2Fwp%2Fv2%2Fcategories&post=13160"},{"taxonomy":"post_tag","embeddable":true,"href":"https:\/\/swiat24.pl.ua\/index.php?rest_route=%2Fwp%2Fv2%2Ftags&post=13160"}],"curies":[{"name":"wp","href":"https:\/\/api.w.org\/{rel}","templated":true}]}}