{"id":13136,"date":"2025-08-15T17:47:39","date_gmt":"2025-08-15T17:47:39","guid":{"rendered":"https:\/\/swiat24.pl.ua\/?p=13136"},"modified":"2025-08-15T17:47:39","modified_gmt":"2025-08-15T17:47:39","slug":"kelly-ripa-i-mark-consuelos-zegnaja-sie-ze-studiem-nagraniowym-po-ponad-35-latach","status":"publish","type":"post","link":"https:\/\/swiat24.pl.ua\/?p=13136","title":{"rendered":"Kelly Ripa i Mark Consuelos \u017cegnaj\u0105 si\u0119 ze studiem nagraniowym po ponad 35 latach"},"content":{"rendered":"\n<p>To by\u0142 emocjonuj\u0105cy dzie\u0144 na planie programu \u201eLive with Kelly and Mark\u201d, poniewa\u017c ostatni odcinek serialu by\u0142 nagrywany w d\u0142ugoletnim studiu na Upper West Side, zanim przeniesiono go do nowej lokalizacji w centrum miasta. <\/p>\n\n\n\n<p>Ostatni odcinek zosta\u0142 nagrany 1 kwietnia pod adresem 7 Lincoln Square, gdzie studio mie\u015bci\u0142o si\u0119 przez 37 lat. Znajduj\u0105ce si\u0119 u zbiegu 67th Street i Columbus Avenue, studio go\u015bci\u0142o program przez dekady zmian, pocz\u0105wszy od Regisa Philbina i Kathie Lee Gifford.<\/p>\n\n\n\n<figure class=\"wp-block-image\"><img decoding=\"async\" src=\"https:\/\/stories100.com\/wp-content\/uploads\/2025\/07\/Screenshot-2025-07-29-141543.png\" alt=\"\" class=\"wp-image-9880\"\/><\/figure>\n\n\n\n<p>Kelly Ripa do\u0142\u0105czy\u0142a do programu w 2001 roku i pozosta\u0142a jego sta\u0142ym cz\u0142onkiem pomimo kilku zmian na stanowisku wsp\u00f3\u0142prowadz\u0105cego, w tym Michaela Strahana i Ryana Seacresta. Od kwietnia 2023 roku wsp\u00f3\u0142prowadzi program z m\u0119\u017cem, Markiem Consuelosem.<\/p>\n\n\n\n<p>Cho\u0107 Consuelos do\u0142\u0105czy\u0142a niedawno, studio ma dla pary g\u0142\u0119bokie znaczenie. \u201eNasze dzieci tu dorasta\u0142y\u201d \u2013 powiedzia\u0142a Consuelos magazynowi PEOPLE. \u201ePrzychodzi\u0142y odwiedza\u0107 mam\u0119 za kulisami, nawet jako niemowl\u0119ta\u201d. Ripa i Consuelos, oboje 54-letni, maj\u0105 troje dzieci: 27-letniego Michaela, 23-letni\u0105 Lol\u0119 i 22-letniego Joaquina.<\/p>\n\n\n\n<p>Ripa doda\u0142a, \u017ce w czasach, gdy urlop macierzy\u0144ski nie cieszy\u0142 si\u0119 szerokim poparciem, harmonogram serialu pozwala\u0142 jej by\u0107 jednocze\u015bnie matk\u0105 na pe\u0142en etat i pracowa\u0107 zawodowo \u2014 a to, jak twierdzi, nie jest dla niej czym\u015b oczywistym.<\/p>\n\n\n\n<p>Studio odegra\u0142o r\u00f3wnie\u017c rol\u0119 w ich osobistej historii. W 1996 roku, kr\u00f3tko po rozstaniu, oboje mieli wyst\u0105pi\u0107 w programie \u201eLive with Regis and Kathie Lee\u201d w ramach programu z okazji Dnia Matki. Pomimo pr\u00f3b odwo\u0142ania, oboje si\u0119 pojawili. Nieoczekiwane spotkanie ponownie ich po\u0142\u0105czy\u0142o. Nast\u0119pnego dnia Consuelos o\u015bwiadczy\u0142a si\u0119 i wkr\u00f3tce potem pobrali si\u0119 w Las Vegas.<\/p>\n\n\n\n<p>\u201eLive with Kelly and Mark\u201d to jeden z ostatnich program\u00f3w ABC, kt\u00f3ry przenosi si\u0119 do 7 Hudson Square, nowej siedziby Disneya w Nowym Jorku. Budynek, nazwany The Robert A. Iger Building, go\u015bci obecnie kilka innych program\u00f3w, w tym The View i The Tamron Hall Show. Oczekuje si\u0119, \u017ce do ko\u0144ca roku przeniesie si\u0119 tam r\u00f3wnie\u017c program \u201eGood Morning America\u201d.<\/p>\n","protected":false},"excerpt":{"rendered":"To by\u0142 emocjonuj\u0105cy dzie\u0144 na planie programu \u201eLive with Kelly and Mark\u201d, poniewa\u017c ostatni odcinek serialu by\u0142 nagrywany w d\u0142ugoletnim studiu na Upper \n<a class=\"moretag\" href=\"https:\/\/swiat24.pl.ua\/?p=13136\"> [...]<\/a>","protected":false},"author":1,"featured_media":13137,"comment_status":"open","ping_status":"open","sticky":false,"template":"","format":"standard","meta":{"footnotes":""},"categories":[1],"tags":[],"class_list":["post-13136","post","type-post","status-publish","format-standard","has-post-thumbnail","hentry","category-blog"],"_links":{"self":[{"href":"https:\/\/swiat24.pl.ua\/index.php?rest_route=\/wp\/v2\/posts\/13136","targetHints":{"allow":["GET"]}}],"collection":[{"href":"https:\/\/swiat24.pl.ua\/index.php?rest_route=\/wp\/v2\/posts"}],"about":[{"href":"https:\/\/swiat24.pl.ua\/index.php?rest_route=\/wp\/v2\/types\/post"}],"author":[{"embeddable":true,"href":"https:\/\/swiat24.pl.ua\/index.php?rest_route=\/wp\/v2\/users\/1"}],"replies":[{"embeddable":true,"href":"https:\/\/swiat24.pl.ua\/index.php?rest_route=%2Fwp%2Fv2%2Fcomments&post=13136"}],"version-history":[{"count":1,"href":"https:\/\/swiat24.pl.ua\/index.php?rest_route=\/wp\/v2\/posts\/13136\/revisions"}],"predecessor-version":[{"id":13138,"href":"https:\/\/swiat24.pl.ua\/index.php?rest_route=\/wp\/v2\/posts\/13136\/revisions\/13138"}],"wp:featuredmedia":[{"embeddable":true,"href":"https:\/\/swiat24.pl.ua\/index.php?rest_route=\/wp\/v2\/media\/13137"}],"wp:attachment":[{"href":"https:\/\/swiat24.pl.ua\/index.php?rest_route=%2Fwp%2Fv2%2Fmedia&parent=13136"}],"wp:term":[{"taxonomy":"category","embeddable":true,"href":"https:\/\/swiat24.pl.ua\/index.php?rest_route=%2Fwp%2Fv2%2Fcategories&post=13136"},{"taxonomy":"post_tag","embeddable":true,"href":"https:\/\/swiat24.pl.ua\/index.php?rest_route=%2Fwp%2Fv2%2Ftags&post=13136"}],"curies":[{"name":"wp","href":"https:\/\/api.w.org\/{rel}","templated":true}]}}