{"id":13112,"date":"2025-08-15T13:57:55","date_gmt":"2025-08-15T13:57:55","guid":{"rendered":"https:\/\/swiat24.pl.ua\/?p=13112"},"modified":"2025-08-15T13:57:55","modified_gmt":"2025-08-15T13:57:55","slug":"to-czego-moja-corka-prawie-dotknela-moglo-ja-kosztowac","status":"publish","type":"post","link":"https:\/\/swiat24.pl.ua\/?p=13112","title":{"rendered":"To, czego moja c\u00f3rka prawie dotkn\u0119\u0142a, mog\u0142o j\u0105 kosztowa\u0107\u2026"},"content":{"rendered":"\n<p>To by\u0142o jedno z tych idealnych letnich popo\u0142udni \u2013 b\u0142\u0119kitne niebo, lekki wietrzyk i zapach \u015bwie\u017cej trawy w powietrzu. Roz\u0142o\u017cyli\u015bmy koc piknikowy w cichym miejscu, niedaleko ma\u0142ego zagajnika, z dala od ruchliwej \u015bcie\u017cki. Dzieciaki \u015bmia\u0142y si\u0119, biega\u0142y boso i goni\u0142y si\u0119 w rozproszonym s\u0142o\u0144cu.<\/p>\n\n\n\n<p>W pewnym momencie nasza c\u00f3rka odesz\u0142a troch\u0119 dalej ni\u017c zwykle. Zatrzyma\u0142a si\u0119 przy wysokim drzewie i zawo\u0142a\u0142a z ekscytacj\u0105:<br>\u201eMamo, tato, chod\u017acie zobaczy\u0107! To drzewo ma paski \u2013 jest takie \u015bliczne!\u201d<\/p>\n\n\n\n<p>Spojrza\u0142am w tamt\u0105 stron\u0119 i zobaczy\u0142am jej r\u0119k\u0119 si\u0119gaj\u0105c\u0105 w stron\u0119 pnia. Co\u015b mnie \u015bcisn\u0119\u0142o. Instynkt mojego m\u0119\u017ca natychmiast si\u0119 odezwa\u0142 \u2013 zerwa\u0142 si\u0119 z koca i pobieg\u0142 w jej stron\u0119.<\/p>\n\n\n\n<p>Z\u0142apa\u0142 j\u0105 za nadgarstek zaledwie kilka centymetr\u00f3w od kory drzewa. Ale kiedy podszed\u0142em bli\u017cej, zda\u0142em sobie spraw\u0119, \u017ce te \u201epaski\u201d wcale nie by\u0142y cz\u0119\u015bci\u0105 drzewa. By\u0142y \u017cywe.<\/p>\n\n\n\n<p>To, co wygl\u0105da\u0142o na pi\u0119kny, naturalny wz\u00f3r, by\u0142o w rzeczywisto\u015bci g\u0119stym skupiskiem g\u0105sienic Lonomia \u2013 jednego z najbardziej jadowitych owad\u00f3w na \u015bwiecie. Idealnie zakamuflowane na korze, wtapiaj\u0105 si\u0119 w otoczenie tak dobrze, \u017ce nikt nie podejrzewa\u0142by zagro\u017cenia.<\/p>\n\n\n\n<p>Pojedyncze mu\u015bni\u0119cie ich kolc\u00f3w mo\u017ce uwolni\u0107 silny jad. Nawet minimalny kontakt mo\u017ce powodowa\u0107 b\u00f3le g\u0142owy, zawroty g\u0142owy i omdlenia. W ci\u0119\u017cszych przypadkach toksyny mog\u0105 wywo\u0142a\u0107 krwawienie wewn\u0119trzne, niewydolno\u015b\u0107 nerek, a w rzadkich, ale udokumentowanych przypadkach \u2013 \u015bmier\u0107. Dzieci, seniorzy i osoby z os\u0142abionym uk\u0142adem odporno\u015bciowym s\u0105 szczeg\u00f3lnie nara\u017cone.<\/p>\n\n\n\n<p>Dzi\u0119ki szybkiemu refleksowi mojego m\u0119\u017ca uda\u0142o si\u0119 unikn\u0105\u0107 katastrofy. Natychmiast skontaktowali\u015bmy si\u0119 z lokalnymi s\u0142u\u017cbami ochrony \u015brodowiska. Przybyli szybko, ostro\u017cnie usun\u0119li g\u0105sienice i umie\u015bcili znak ostrzegawczy, aby ostrzec innych w\u0119drowc\u00f3w i rodziny.<\/p>\n\n\n\n<p>Ten dzie\u0144 zmieni\u0142 moje spojrzenie na przyrod\u0119. Teraz, kiedykolwiek wybieramy si\u0119 na wycieczki, nosz\u0119 ze sob\u0105 r\u0119kawiczki, lup\u0119 i ma\u0142\u0105 apteczk\u0119 \u2013 nie dlatego, \u017ce si\u0119 boj\u0119, ale dlatego, \u017ce chc\u0119 by\u0107 przygotowana.<\/p>\n\n\n\n<p>Je\u015bli jeste\u015b rodzicem, dziadkiem lub opiekunem, porozmawiaj z dzie\u0107mi o ukrytych zagro\u017ceniach w przyrodzie. Wiele zagro\u017ce\u0144 jest pi\u0119knych dla oka, ale szkodliwych w dotyku.<\/p>\n\n\n\n<p>Je\u015bli kiedykolwiek zobaczysz co\u015b nietypowego \u2013 czy to dziwne \u201ewzorki\u201d na korze, nietypowe skupiska na ro\u015blinach, czy owady, kt\u00f3rych nie rozpoznajesz \u2013 nie dotykaj. Odsu\u0144 si\u0119 i zadzwo\u0144 do lokalnych s\u0142u\u017cb ochrony przyrody lub ochrony \u015brodowiska.<\/p>\n\n\n\n<p>\u015awiadomo\u015b\u0107, szacunek dla natury i szybkie dzia\u0142anie mog\u0105 uratowa\u0107 \u017cycie. Jedna rozmowa, chwila czujno\u015bci \u2013 to mo\u017ce by\u0107 wszystko.<\/p>\n","protected":false},"excerpt":{"rendered":"To by\u0142o jedno z tych idealnych letnich popo\u0142udni \u2013 b\u0142\u0119kitne niebo, lekki wietrzyk i zapach \u015bwie\u017cej trawy w powietrzu. Roz\u0142o\u017cyli\u015bmy koc piknikowy w \n<a class=\"moretag\" href=\"https:\/\/swiat24.pl.ua\/?p=13112\"> [...]<\/a>","protected":false},"author":1,"featured_media":13113,"comment_status":"open","ping_status":"open","sticky":false,"template":"","format":"standard","meta":{"footnotes":""},"categories":[1],"tags":[],"class_list":["post-13112","post","type-post","status-publish","format-standard","has-post-thumbnail","hentry","category-blog"],"_links":{"self":[{"href":"https:\/\/swiat24.pl.ua\/index.php?rest_route=\/wp\/v2\/posts\/13112","targetHints":{"allow":["GET"]}}],"collection":[{"href":"https:\/\/swiat24.pl.ua\/index.php?rest_route=\/wp\/v2\/posts"}],"about":[{"href":"https:\/\/swiat24.pl.ua\/index.php?rest_route=\/wp\/v2\/types\/post"}],"author":[{"embeddable":true,"href":"https:\/\/swiat24.pl.ua\/index.php?rest_route=\/wp\/v2\/users\/1"}],"replies":[{"embeddable":true,"href":"https:\/\/swiat24.pl.ua\/index.php?rest_route=%2Fwp%2Fv2%2Fcomments&post=13112"}],"version-history":[{"count":1,"href":"https:\/\/swiat24.pl.ua\/index.php?rest_route=\/wp\/v2\/posts\/13112\/revisions"}],"predecessor-version":[{"id":13114,"href":"https:\/\/swiat24.pl.ua\/index.php?rest_route=\/wp\/v2\/posts\/13112\/revisions\/13114"}],"wp:featuredmedia":[{"embeddable":true,"href":"https:\/\/swiat24.pl.ua\/index.php?rest_route=\/wp\/v2\/media\/13113"}],"wp:attachment":[{"href":"https:\/\/swiat24.pl.ua\/index.php?rest_route=%2Fwp%2Fv2%2Fmedia&parent=13112"}],"wp:term":[{"taxonomy":"category","embeddable":true,"href":"https:\/\/swiat24.pl.ua\/index.php?rest_route=%2Fwp%2Fv2%2Fcategories&post=13112"},{"taxonomy":"post_tag","embeddable":true,"href":"https:\/\/swiat24.pl.ua\/index.php?rest_route=%2Fwp%2Fv2%2Ftags&post=13112"}],"curies":[{"name":"wp","href":"https:\/\/api.w.org\/{rel}","templated":true}]}}