{"id":13105,"date":"2025-08-15T12:00:59","date_gmt":"2025-08-15T12:00:59","guid":{"rendered":"https:\/\/swiat24.pl.ua\/?p=13105"},"modified":"2025-08-15T12:00:59","modified_gmt":"2025-08-15T12:00:59","slug":"zona-brucea-willisa-odpowiada-na-plotki-ze-aktor-nie-moze-juz-chodzic-ani-mowic","status":"publish","type":"post","link":"https:\/\/swiat24.pl.ua\/?p=13105","title":{"rendered":"\u017bona Bruce&#8217;a Willisa odpowiada na plotki, \u017ce aktor nie mo\u017ce ju\u017c chodzi\u0107 ani m\u00f3wi\u0107"},"content":{"rendered":"\n<p>Rodzina Bruce&#8217;a Willisa sprzeciwi\u0142a si\u0119 niedawnym doniesieniom tabloid\u00f3w, \u017ce 70-letni aktor \u201enie mo\u017ce ju\u017c m\u00f3wi\u0107 ani chodzi\u0107\u201d, publikuj\u0105c najnowsze oficjalne o\u015bwiadczenie za po\u015brednictwem Emmy Heming Willis. W dosadnym o\u015bwiadczeniu na Instagramie z 26 lipca 2025 roku Emma ostrzeg\u0142a czytelnik\u00f3w, aby zignorowali \u201eanonimowe spekulacje\u201d i wezwa\u0142a media do \u201epoprawienia si\u0119\u201d, zauwa\u017caj\u0105c, \u017ce plotki oparte na anonimowych \u201e\u017ar\u00f3d\u0142ach bliskich rodzinie\u201d s\u0105 \u201enieostro\u017cne\u201d i \u201eszkodliwe\u201d.<\/p>\n\n\n\n<p>Od czasu, gdy w marcu 2022 roku po zdiagnozowaniu afazji Bruce zrezygnowa\u0142 z kariery aktorskiej, jego ot\u0119pienie czo\u0142owo-skroniowe (FTD) jest starannie leczone przez najbli\u017cszych. Jego by\u0142a \u017cona, Demi Moore, w grudniu 2024 roku okre\u015bli\u0142a jego stan jako \u201estabilny\u201d, a jego c\u00f3rka Tallulah Willis powt\u00f3rzy\u0142a t\u0119 stabilizacj\u0119 \u2013 \u201edobr\u0105 i trudn\u0105\u201d, jak to okre\u015bli\u0142a \u2013 podkre\u015blaj\u0105c jednocze\u015bnie nieustaj\u0105c\u0105 mi\u0142o\u015b\u0107 i wsparcie rodziny.<\/p>\n\n\n\n<p>Cech\u0105 charakterystyczn\u0105 FTD nie jest utrata pami\u0119ci, ale zmiany w zachowaniu, osobowo\u015bci i j\u0119zyku. Emma szczerze opowiada o wyzwaniach zwi\u0105zanych z opiek\u0105 nad dzieckiem i o tym, \u017ce rodzina przyj\u0119\u0142a mantr\u0119 \u201eJest, jak jest\u201d, kt\u00f3ra, jak twierdzi, pomaga im akceptowa\u0107 ka\u017cdy dzie\u0144 bez walki \u201ena ka\u017cdym kroku\u201d. Wczesne objawy w mowie Bruce&#8217;a pocz\u0105tkowo mylnie b\u0142\u0119dnie interpretowano jako jej do\u017cywotnie j\u0105kanie, a nawet jego c\u00f3rki kiedy\u015b przypisa\u0142y jego brak reakcji ubytkowi s\u0142uchu spowodowanemu rolami w filmach akcji.<\/p>\n\n\n\n<p>Pomimo tych trudno\u015bci, rodzina Willis\u00f3w wci\u0105\u017c wsp\u00f3lnie \u015bwi\u0119tuje wa\u017cne wydarzenia \u2013 Bruce obchodzi\u0142 swoje 70. urodziny w marcu 2025 roku w otoczeniu c\u00f3rek, wnuczki, Demi Moore i Emmy \u2013 i piel\u0119gnuje etos doceniania chwili obecnej. Niedawny wpis Emmy podkre\u015bla ich zaanga\u017cowanie w dzielenie si\u0119 wy\u0142\u0105cznie potwierdzonymi informacjami i ochron\u0119 godno\u015bci Bruce&#8217;a w obliczu fali publicznych spekulacji.<\/p>\n","protected":false},"excerpt":{"rendered":"Rodzina Bruce&#8217;a Willisa sprzeciwi\u0142a si\u0119 niedawnym doniesieniom tabloid\u00f3w, \u017ce 70-letni aktor \u201enie mo\u017ce ju\u017c m\u00f3wi\u0107 ani chodzi\u0107\u201d, publikuj\u0105c najnowsze oficjalne o\u015bwiadczenie za po\u015brednictwem \n<a class=\"moretag\" href=\"https:\/\/swiat24.pl.ua\/?p=13105\"> [...]<\/a>","protected":false},"author":1,"featured_media":13106,"comment_status":"open","ping_status":"open","sticky":false,"template":"","format":"standard","meta":{"footnotes":""},"categories":[1],"tags":[],"class_list":["post-13105","post","type-post","status-publish","format-standard","has-post-thumbnail","hentry","category-blog"],"_links":{"self":[{"href":"https:\/\/swiat24.pl.ua\/index.php?rest_route=\/wp\/v2\/posts\/13105","targetHints":{"allow":["GET"]}}],"collection":[{"href":"https:\/\/swiat24.pl.ua\/index.php?rest_route=\/wp\/v2\/posts"}],"about":[{"href":"https:\/\/swiat24.pl.ua\/index.php?rest_route=\/wp\/v2\/types\/post"}],"author":[{"embeddable":true,"href":"https:\/\/swiat24.pl.ua\/index.php?rest_route=\/wp\/v2\/users\/1"}],"replies":[{"embeddable":true,"href":"https:\/\/swiat24.pl.ua\/index.php?rest_route=%2Fwp%2Fv2%2Fcomments&post=13105"}],"version-history":[{"count":1,"href":"https:\/\/swiat24.pl.ua\/index.php?rest_route=\/wp\/v2\/posts\/13105\/revisions"}],"predecessor-version":[{"id":13107,"href":"https:\/\/swiat24.pl.ua\/index.php?rest_route=\/wp\/v2\/posts\/13105\/revisions\/13107"}],"wp:featuredmedia":[{"embeddable":true,"href":"https:\/\/swiat24.pl.ua\/index.php?rest_route=\/wp\/v2\/media\/13106"}],"wp:attachment":[{"href":"https:\/\/swiat24.pl.ua\/index.php?rest_route=%2Fwp%2Fv2%2Fmedia&parent=13105"}],"wp:term":[{"taxonomy":"category","embeddable":true,"href":"https:\/\/swiat24.pl.ua\/index.php?rest_route=%2Fwp%2Fv2%2Fcategories&post=13105"},{"taxonomy":"post_tag","embeddable":true,"href":"https:\/\/swiat24.pl.ua\/index.php?rest_route=%2Fwp%2Fv2%2Ftags&post=13105"}],"curies":[{"name":"wp","href":"https:\/\/api.w.org\/{rel}","templated":true}]}}