{"id":13103,"date":"2025-08-15T10:25:49","date_gmt":"2025-08-15T10:25:49","guid":{"rendered":"https:\/\/swiat24.pl.ua\/?p=13103"},"modified":"2025-08-15T10:25:49","modified_gmt":"2025-08-15T10:25:49","slug":"joe-biden-jest-smiertelnie-chory-co-sie-stalo","status":"publish","type":"post","link":"https:\/\/swiat24.pl.ua\/?p=13103","title":{"rendered":"Joe Biden jest \u015bmiertelnie chory \u2013 co si\u0119 sta\u0142o"},"content":{"rendered":"\n<p>By\u0142y prezydent USA ma ju\u017c 82 lata.<\/p>\n\n\n\n<p>Z\u0142e wie\u015bci nap\u0142yn\u0119\u0142y ze Stan\u00f3w Zjednoczonych. U by\u0142ego prezydenta Joe Bidena zdiagnozowano \u015bmierteln\u0105 chorob\u0119.<\/p>\n\n\n\n<p>Ameryka\u0144skie media, powo\u0142uj\u0105c si\u0119 na przedstawicieli polityka, poinformowa\u0142y, \u017ce u by\u0142ego przyw\u00f3dcy kraju zdiagnozowano agresywn\u0105 posta\u0107 raka prostaty.<\/p>\n\n\n\n<p>\u201eMimo \u017ce posta\u0107 choroby jest bardziej agresywna, nowotw\u00f3r ten poddaje si\u0119 terapii hormonalnej, co pozwala na jego skuteczn\u0105 kontrol\u0119\u201d \u2013 czytamy w o\u015bwiadczeniu.<\/p>\n\n\n\n<p>Donoszono r\u00f3wnie\u017c, \u017ce lekarze obecnie dokonuj\u0105 wyboru metod leczenia.<\/p>\n\n\n\n<blockquote class=\"twitter-tweet\" data-media-max-width=\"560\"><p lang=\"en\" dir=\"ltr\">Cancer touches us all. Like so many of you, Jill and I have learned that we are strongest in the broken places. Thank you for lifting us up with love and support. <a href=\"https:\/\/t.co\/oSS1vGIiwU\">pic.twitter.com\/oSS1vGIiwU<\/a><\/p>&mdash; Joe Biden (@JoeBiden) <a href=\"https:\/\/twitter.com\/JoeBiden\/status\/1924427587582828753?ref_src=twsrc%5Etfw\">May 19, 2025<\/a><\/blockquote> <script async src=\"https:\/\/platform.twitter.com\/widgets.js\" charset=\"utf-8\"><\/script>\n\n\n\n<p>By\u0142y prezydent opublikowa\u0142 na portalu spo\u0142eczno\u015bciowym X zdj\u0119cie z \u017con\u0105 i kotem. Podzi\u0119kowa\u0142 wszystkim, kt\u00f3rzy go wspierali.<\/p>\n\n\n\n<p>Kim jest Joe Biden<\/p>\n\n\n\n<p>Biden jest 46. prezydentem Stan\u00f3w Zjednoczonych. Opu\u015bci\u0142 urz\u0105d na pocz\u0105tku 2025 roku.<\/p>\n\n\n\n<p>Biden, kt\u00f3ry ma obecnie 82 lata, mia\u0142 zamiar ubiega\u0107 si\u0119 o drug\u0105 kadencj\u0119. Jednak kilka miesi\u0119cy przed wyborami wycofa\u0142 swoj\u0105 kandydatur\u0119, podaj\u0105c jako przyczyn\u0119 podesz\u0142y wiek i problemy zdrowotne.<\/p>\n\n\n\n<p>Przypomnijmy, \u017ce w 2023 roku Biden przeszed\u0142 operacj\u0119 usuni\u0119cia z\u0142o\u015bliwej zmiany sk\u00f3rnej.<\/p>\n\n\n\n<p>Nawiasem m\u00f3wi\u0105c, jego stan zdrowia i wyniki cz\u0119sto budzi\u0142y konsternacj\u0119 nie tylko w\u015br\u00f3d przeciwnik\u00f3w prezydenta, ale i jego zwolennik\u00f3w. Biden okresowo traci\u0142 r\u00f3wnowag\u0119, pope\u0142nia\u0142 dziwne przej\u0119zyczenia itp. Niekt\u00f3re historie sta\u0142y si\u0119 nawet memami.<\/p>\n","protected":false},"excerpt":{"rendered":"By\u0142y prezydent USA ma ju\u017c 82 lata. Z\u0142e wie\u015bci nap\u0142yn\u0119\u0142y ze Stan\u00f3w Zjednoczonych. U by\u0142ego prezydenta Joe Bidena zdiagnozowano \u015bmierteln\u0105 chorob\u0119. Ameryka\u0144skie media, \n<a class=\"moretag\" href=\"https:\/\/swiat24.pl.ua\/?p=13103\"> [...]<\/a>","protected":false},"author":1,"featured_media":0,"comment_status":"open","ping_status":"open","sticky":false,"template":"","format":"standard","meta":{"footnotes":""},"categories":[1],"tags":[],"class_list":["post-13103","post","type-post","status-publish","format-standard","hentry","category-blog"],"_links":{"self":[{"href":"https:\/\/swiat24.pl.ua\/index.php?rest_route=\/wp\/v2\/posts\/13103","targetHints":{"allow":["GET"]}}],"collection":[{"href":"https:\/\/swiat24.pl.ua\/index.php?rest_route=\/wp\/v2\/posts"}],"about":[{"href":"https:\/\/swiat24.pl.ua\/index.php?rest_route=\/wp\/v2\/types\/post"}],"author":[{"embeddable":true,"href":"https:\/\/swiat24.pl.ua\/index.php?rest_route=\/wp\/v2\/users\/1"}],"replies":[{"embeddable":true,"href":"https:\/\/swiat24.pl.ua\/index.php?rest_route=%2Fwp%2Fv2%2Fcomments&post=13103"}],"version-history":[{"count":1,"href":"https:\/\/swiat24.pl.ua\/index.php?rest_route=\/wp\/v2\/posts\/13103\/revisions"}],"predecessor-version":[{"id":13104,"href":"https:\/\/swiat24.pl.ua\/index.php?rest_route=\/wp\/v2\/posts\/13103\/revisions\/13104"}],"wp:attachment":[{"href":"https:\/\/swiat24.pl.ua\/index.php?rest_route=%2Fwp%2Fv2%2Fmedia&parent=13103"}],"wp:term":[{"taxonomy":"category","embeddable":true,"href":"https:\/\/swiat24.pl.ua\/index.php?rest_route=%2Fwp%2Fv2%2Fcategories&post=13103"},{"taxonomy":"post_tag","embeddable":true,"href":"https:\/\/swiat24.pl.ua\/index.php?rest_route=%2Fwp%2Fv2%2Ftags&post=13103"}],"curies":[{"name":"wp","href":"https:\/\/api.w.org\/{rel}","templated":true}]}}