{"id":13075,"date":"2025-08-14T12:57:24","date_gmt":"2025-08-14T12:57:24","guid":{"rendered":"https:\/\/swiat24.pl.ua\/?p=13075"},"modified":"2025-08-14T12:57:24","modified_gmt":"2025-08-14T12:57:24","slug":"dwie-siostry-w-wieku-9-i-12-lat-jada-na-skuterach-motocyklista-wjezdza-na-chodnik-i","status":"publish","type":"post","link":"https:\/\/swiat24.pl.ua\/?p=13075","title":{"rendered":"Dwie siostry w wieku 9 i 12 lat jad\u0105 na skuterach, motocyklista wje\u017cd\u017ca na chodnik i\u2026"},"content":{"rendered":"\n<p>6-letnia dziewczynka zosta\u0142a w ci\u0119\u017ckim stanie po tragicznym wypadku rodeo w mie\u015bcie.<br>Miejskie rodeo sta\u0142o si\u0119 prawdziw\u0105 plag\u0105 w niekt\u00f3rych miastach. <\/p>\n\n\n\n<p>W sobot\u0119 15 kwietnia 2023 roku minister spraw wewn\u0119trznych G\u00e9rald Darmanin zwr\u00f3ci\u0142 si\u0119 do prefekt\u00f3w o zaostrzenie \u015brodk\u00f3w zwalczania tego procederu.<\/p>\n\n\n\n<p> W czwartek wieczorem, 20 kwietnia, 6-letnia dziewczynka zosta\u0142a ranna w dzielnicy Lamb\u00e9zellec. Wed\u0142ug \u017ar\u00f3de\u0142, matka dziewczynki gotowa\u0142a, podczas gdy jej c\u00f3rka bawi\u0142a si\u0119 w parku osiedlowym. Jednak wkr\u00f3tce potem dziewczynka zosta\u0142a potr\u0105cona na drodze publicznej przez czerwony motocykl terenowy.<\/p>\n\n\n<div class=\"wp-block-image\">\n<figure class=\"aligncenter\"><img decoding=\"async\" src=\"https:\/\/lavinfo.com\/wp-content\/uploads\/2025\/03\/Screenshot-2025-03-12-114805.png\" alt=\"\" class=\"wp-image-106958\"\/><\/figure>\n<\/div>\n\n\n<p>Urban Rodeo: Nieustanne kary od 1 marca<\/p>\n\n\n\n<p>M\u0142oda ofiara mia\u0142a guz z ty\u0142u g\u0142owy i otarcia sk\u00f3ry na ciele. Po wypadku zosta\u0142a przewieziona do szpitala Morvan. Dobra wiadomo\u015b\u0107 jest taka, \u017ce jej \u017cyciu nie zagra\u017ca niebezpiecze\u0144stwo. Wed\u0142ug opublikowanych informacji, 17 kwietnia w okolicy skradziono czerwony motocykl terenowy. Dwa dni p\u00f3\u017aniej mieszka\u0144cy zg\u0142osili policji, \u017ce podobny motocykl uprawia miejskie rodeo.<\/p>\n\n\n\n<p>Trwaj\u0105 dochodzenia maj\u0105ce na celu ustalenie kierowcy. Od zesz\u0142ego lata nasili\u0142y si\u0119 dzia\u0142ania egzekucyjne. Zwalczanie miejskich rodeo jest uwa\u017cane za priorytet krajowy. \u201eObejmujemy wszystkie dzielnice i centrum miasta\u201d \u2013 powiedzia\u0142 Fabien Ponsin, szef Nadzoru Dr\u00f3g Publicznych i zast\u0119pca komisarza centralnego w Bre\u015bcie.<\/p>\n\n\n\n<p>W ostatnich dniach temat ten sta\u0142 si\u0119 gor\u0105cym tematem w mie\u015bcie Ponant.<\/p>\n\n\n<div class=\"wp-block-image\">\n<figure class=\"aligncenter\"><img decoding=\"async\" src=\"https:\/\/lavinfo.com\/wp-content\/uploads\/2025\/03\/Screenshot-2025-03-12-114658.png\" alt=\"\" class=\"wp-image-106959\"\/><\/figure>\n<\/div>\n\n\n<p>Jura: Wypadek skutera: Rodzina domaga si\u0119 kontr\u015bledztwa<\/p>\n\n\n\n<p>I nie bez powodu: dwa doniesienia zrobi\u0142y szczeg\u00f3lne wra\u017cenie. Pierwszy dotyczy \u015bmierci starszej osoby potr\u0105conej przez motocykl 22 marca 2023 roku w Pontan\u00e9zen, a drugi napa\u015bci na m\u0119\u017cczyzn\u0119 w Bellevue 16 kwietnia. Ten drugi, zirytowany ha\u0142asem maszyn przed swoim domem, poszed\u0142 na d\u00f3\u0142, aby poprosi\u0107 m\u0142odych ludzi o zaprzestanie swoich dzia\u0142a\u0144. W odpowiedzi,<\/p>\n\n\n<div class=\"wp-block-image\">\n<figure class=\"aligncenter\"><img decoding=\"async\" src=\"https:\/\/lavinfo.com\/wp-content\/uploads\/2025\/03\/Screenshot-2025-03-12-114440.png\" alt=\"\" class=\"wp-image-106960\"\/><\/figure>\n<\/div>\n\n\n<p>M\u0119\u017cczyzna zosta\u0142 pobity. Prefekt departamentu, Philippe Mah\u00e9, przypomnia\u0142, \u017ce w 2022 roku \u201ew Brze\u015bciu przeprowadzono 448 kontroli miejskich rodeo, podczas kt\u00f3rych odnotowano 76 mandat\u00f3w. Od pocz\u0105tku 2023 roku przeprowadzono 196 dodatkowych kontroli we wszystkich dzielnicach Brze\u015bcia. Dzi\u0119ki przeprowadzonym \u015bledztwom zidentyfikowano i postawiono przed s\u0105dem trzy przest\u0119pstwa zwi\u0105zane z miejskim rodeo\u201d.<\/p>\n\n\n\n<p>Miejskie rodeo to prawdziwa plaga<\/p>\n\n\n\n<p>Miejskie rodeo sta\u0142y si\u0119 prawdziw\u0105 plag\u0105 w niekt\u00f3rych miastach. W sobot\u0119 15 kwietnia 2023 roku minister spraw wewn\u0119trznych G\u00e9rald Darmanin zaapelowa\u0142 do prefekt\u00f3w o zaostrzenie \u015brodk\u00f3w zwalczania tego procederu. W czwartek wieczorem, 20 kwietnia, w dzielnicy Lamb\u00e9zellec ranna zosta\u0142a 6-letnia dziewczynka.<\/p>\n","protected":false},"excerpt":{"rendered":"6-letnia dziewczynka zosta\u0142a w ci\u0119\u017ckim stanie po tragicznym wypadku rodeo w mie\u015bcie.Miejskie rodeo sta\u0142o si\u0119 prawdziw\u0105 plag\u0105 w niekt\u00f3rych miastach. W sobot\u0119 15 \n<a class=\"moretag\" href=\"https:\/\/swiat24.pl.ua\/?p=13075\"> [...]<\/a>","protected":false},"author":1,"featured_media":13076,"comment_status":"open","ping_status":"open","sticky":false,"template":"","format":"standard","meta":{"footnotes":""},"categories":[1],"tags":[],"class_list":["post-13075","post","type-post","status-publish","format-standard","has-post-thumbnail","hentry","category-blog"],"_links":{"self":[{"href":"https:\/\/swiat24.pl.ua\/index.php?rest_route=\/wp\/v2\/posts\/13075","targetHints":{"allow":["GET"]}}],"collection":[{"href":"https:\/\/swiat24.pl.ua\/index.php?rest_route=\/wp\/v2\/posts"}],"about":[{"href":"https:\/\/swiat24.pl.ua\/index.php?rest_route=\/wp\/v2\/types\/post"}],"author":[{"embeddable":true,"href":"https:\/\/swiat24.pl.ua\/index.php?rest_route=\/wp\/v2\/users\/1"}],"replies":[{"embeddable":true,"href":"https:\/\/swiat24.pl.ua\/index.php?rest_route=%2Fwp%2Fv2%2Fcomments&post=13075"}],"version-history":[{"count":1,"href":"https:\/\/swiat24.pl.ua\/index.php?rest_route=\/wp\/v2\/posts\/13075\/revisions"}],"predecessor-version":[{"id":13077,"href":"https:\/\/swiat24.pl.ua\/index.php?rest_route=\/wp\/v2\/posts\/13075\/revisions\/13077"}],"wp:featuredmedia":[{"embeddable":true,"href":"https:\/\/swiat24.pl.ua\/index.php?rest_route=\/wp\/v2\/media\/13076"}],"wp:attachment":[{"href":"https:\/\/swiat24.pl.ua\/index.php?rest_route=%2Fwp%2Fv2%2Fmedia&parent=13075"}],"wp:term":[{"taxonomy":"category","embeddable":true,"href":"https:\/\/swiat24.pl.ua\/index.php?rest_route=%2Fwp%2Fv2%2Fcategories&post=13075"},{"taxonomy":"post_tag","embeddable":true,"href":"https:\/\/swiat24.pl.ua\/index.php?rest_route=%2Fwp%2Fv2%2Ftags&post=13075"}],"curies":[{"name":"wp","href":"https:\/\/api.w.org\/{rel}","templated":true}]}}