{"id":13066,"date":"2025-08-14T12:25:03","date_gmt":"2025-08-14T12:25:03","guid":{"rendered":"https:\/\/swiat24.pl.ua\/?p=13066"},"modified":"2025-08-14T12:25:03","modified_gmt":"2025-08-14T12:25:03","slug":"policjanci-zostali-wezwani-do-smiertelnego-wypadku-gdy-zobaczyli-ofiare-zamarli","status":"publish","type":"post","link":"https:\/\/swiat24.pl.ua\/?p=13066","title":{"rendered":"Policjanci zostali wezwani do \u015bmiertelnego wypadku. Gdy zobaczyli ofiar\u0119, zamarli"},"content":{"rendered":"\n<p>Trwa wyja\u015bnianie okoliczno\u015bci tragicznego wypadku, do kt\u00f3rego dosz\u0142o w pi\u0105tek w okolicy Kra\u015bnika. W wyniku zdarzenia poszkodowany zosta\u0142 44-letni policjant, b\u0119d\u0105cy w czasie wolnym od s\u0142u\u017cby.<\/p>\n\n\n\n<p>Mimo podj\u0119tej akcji reanimacyjnej, m\u0119\u017cczyzna zmar\u0142 w szpitalu. Zatrzymano 19-letniego kierowc\u0119 BMW.<\/p>\n\n\n\n<p>\u015amiertelny wypadek ko\u0142o Kra\u015bnika<br>Do tragedii dosz\u0142o w pi\u0105tek, 29 marca, oko\u0142o godz. 16.48. S\u0142u\u017cby dosta\u0142y zg\u0142oszenie o wypadku z udzia\u0142em samochodu osobowego BMW i motocykla marki Suzuki. Zdarzenie mia\u0142o miejsce na ulicy Kra\u015bnickiej w Str\u00f3\u017cy, niedaleko Kra\u015bnika, a policjanci nie informuj\u0105 na ten moment o wst\u0119pnych ustaleniach co do jego przebiegu. Niestety, \u017cycia jednej z os\u00f3b nie uda\u0142o si\u0119 uratowa\u0107.<br>Str\u00f3\u017ca. Policjant zgin\u0105\u0142 w tragicznym wypadku<br>Policjanci przekazali, \u017ce w zdarzeniu poszkodowany zosta\u0142 ich kolega z Komendy Powiatowej Policji w Kra\u015bniku. To w\u0142a\u015bnie on kierowa\u0142 motocyklem w czasie wolnym od s\u0142u\u017cby. Mimo przeprowadzonej akcji reanimacyjnej, m\u0119\u017cczyzna zmar\u0142 po przewiezieniu do szpitala. Funkcjonariusz by\u0142 dy\u017curnym z ponad 20-letnim sta\u017cem.<\/p>\n\n\n\n<p>Na miejscu prowadzone s\u0105 ogl\u0119dziny przez prokuratora z udzia\u0142em bieg\u0142ego z zakresu wypadk\u00f3w i technika kryminalistyki \u2013 relacjonowa\u0142 w rozmowie z mediami aspirant Pawe\u0142 Cieliczko z KPP w Kra\u015bniku.<\/p>\n\n\n\n<p>Nie \u017cyje 2-letnie dziecko. Tragedia w Wielk\u0105 Sobot\u0119<br>Czytaj dalej<br>Trwa wyja\u015bnianie okoliczno\u015bci \u015bmierci policjanta<br>Na ten moment wiadomo, \u017ce kieruj\u0105cy BMW&nbsp;19-latek by\u0142 trze\u017awy w momencie wypadku. Zosta\u0142a mu pobrana krew w celu dalszych bada\u0144, oraz zadecydowano o jego zatrzymaniu.<\/p>\n\n\n\n<p>Przeprowadzona zostanie sekcja zw\u0142ok policjanta. Ustalany jest szczeg\u00f3\u0142owy przebieg tego zdarzenia, zabezpieczony zosta\u0142 monitoring. Dalsze czynno\u015bci prowadzi\u0107 b\u0119dzie Prokuratura Rejonowa \u2013 doda\u0142 aspirant Cieliczko.<\/p>\n","protected":false},"excerpt":{"rendered":"Trwa wyja\u015bnianie okoliczno\u015bci tragicznego wypadku, do kt\u00f3rego dosz\u0142o w pi\u0105tek w okolicy Kra\u015bnika. W wyniku zdarzenia poszkodowany zosta\u0142 44-letni policjant, b\u0119d\u0105cy w czasie \n<a class=\"moretag\" href=\"https:\/\/swiat24.pl.ua\/?p=13066\"> [...]<\/a>","protected":false},"author":1,"featured_media":13067,"comment_status":"open","ping_status":"open","sticky":false,"template":"","format":"standard","meta":{"footnotes":""},"categories":[1],"tags":[],"class_list":["post-13066","post","type-post","status-publish","format-standard","has-post-thumbnail","hentry","category-blog"],"_links":{"self":[{"href":"https:\/\/swiat24.pl.ua\/index.php?rest_route=\/wp\/v2\/posts\/13066","targetHints":{"allow":["GET"]}}],"collection":[{"href":"https:\/\/swiat24.pl.ua\/index.php?rest_route=\/wp\/v2\/posts"}],"about":[{"href":"https:\/\/swiat24.pl.ua\/index.php?rest_route=\/wp\/v2\/types\/post"}],"author":[{"embeddable":true,"href":"https:\/\/swiat24.pl.ua\/index.php?rest_route=\/wp\/v2\/users\/1"}],"replies":[{"embeddable":true,"href":"https:\/\/swiat24.pl.ua\/index.php?rest_route=%2Fwp%2Fv2%2Fcomments&post=13066"}],"version-history":[{"count":1,"href":"https:\/\/swiat24.pl.ua\/index.php?rest_route=\/wp\/v2\/posts\/13066\/revisions"}],"predecessor-version":[{"id":13068,"href":"https:\/\/swiat24.pl.ua\/index.php?rest_route=\/wp\/v2\/posts\/13066\/revisions\/13068"}],"wp:featuredmedia":[{"embeddable":true,"href":"https:\/\/swiat24.pl.ua\/index.php?rest_route=\/wp\/v2\/media\/13067"}],"wp:attachment":[{"href":"https:\/\/swiat24.pl.ua\/index.php?rest_route=%2Fwp%2Fv2%2Fmedia&parent=13066"}],"wp:term":[{"taxonomy":"category","embeddable":true,"href":"https:\/\/swiat24.pl.ua\/index.php?rest_route=%2Fwp%2Fv2%2Fcategories&post=13066"},{"taxonomy":"post_tag","embeddable":true,"href":"https:\/\/swiat24.pl.ua\/index.php?rest_route=%2Fwp%2Fv2%2Ftags&post=13066"}],"curies":[{"name":"wp","href":"https:\/\/api.w.org\/{rel}","templated":true}]}}