{"id":13057,"date":"2025-08-14T11:57:54","date_gmt":"2025-08-14T11:57:54","guid":{"rendered":"https:\/\/swiat24.pl.ua\/?p=13057"},"modified":"2025-08-14T11:57:54","modified_gmt":"2025-08-14T11:57:54","slug":"smiertelny-wypadek-flixbusa-pod-lipskiem-nie-zyje-5-osob","status":"publish","type":"post","link":"https:\/\/swiat24.pl.ua\/?p=13057","title":{"rendered":"\u015amiertelny wypadek Flixbusa pod Lipskiem. Nie \u017cyje 5 os\u00f3b"},"content":{"rendered":"\n<p>Tragiczny wypadek na autostradzie A9 pod Lipskiem na wschodzie Niemiec. Autokar przewo\u017anika Flixbus, kt\u00f3rym podr\u00f3\u017cowa\u0142o 55 os\u00f3b, z niewyja\u015bnionych przyczyn zjecha\u0142 z drogi i przewr\u00f3ci\u0142 si\u0119 na bok. Policjanci przekazali, \u017ce w zdarzeniu zgin\u0119\u0142o co najmniej pi\u0119ciu pasa\u017cer\u00f3w, a 16 zosta\u0142o rannych.<\/p>\n\n\n\n<p>Wypadek Flixbusa pod Lipskiem<br>Do wypadku dosz\u0142o we wtorek, 27 marca, mi\u0119dzy w\u0119z\u0142ami Wiedemar a Schkeuditz, na p\u00f3\u0142nocny zach\u00f3d od Lipska.<\/p>\n\n\n\n<p>Autokar Flixbusa jecha\u0142 w kierunku Norymbergii, docelowo Zurychu, kiedy z niewyja\u015bnionych przyczyn zjecha\u0142 z drogi, po czym przewr\u00f3ci\u0142 si\u0119 na bok w okolicach pobocza.<\/p>\n\n\n\n<p>Wypadek autokaru. Nie \u017cyje 5 os\u00f3b<br>Na miejscu niezw\u0142ocznie znalaz\u0142y si\u0119 \u015bmig\u0142owce i karetki pogotowia. Autokarem podr\u00f3\u017cowa\u0142o 53 pasa\u017cer\u00f3w i dw\u00f3ch kierowc\u00f3w, z czego co najmniej 16 os\u00f3b zosta\u0142o rannych. Olaf Hoppe, rzecznik lokalnej policji przekaza\u0142, \u017ce \u017cycia pi\u0119ciu pasa\u017cer\u00f3w nie uda\u0142o si\u0119 uratowa\u0107.<\/p>\n\n\n\n<p>Tragiczny wypadek na wschodzie Niemiec<br>Ruch na autostradzie A9 zosta\u0142 wstrzymany w obu kierunkach. Rzecznik Flixbusa w rozmowie z \u201eBildem\u201d przekaza\u0142, \u017ce przyczyny i okoliczno\u015bci wypadku nie s\u0105 jeszcze znane.<\/p>\n\n\n\n<p>\u015aci\u015ble wsp\u00f3\u0142pracujemy z lokalnymi w\u0142adzami i s\u0142u\u017cbami na miejscu, aby wyja\u015bni\u0107 przyczyn\u0119 \u2013 powiedzia\u0142 Sebastian Meyer.<\/p>\n","protected":false},"excerpt":{"rendered":"Tragiczny wypadek na autostradzie A9 pod Lipskiem na wschodzie Niemiec. Autokar przewo\u017anika Flixbus, kt\u00f3rym podr\u00f3\u017cowa\u0142o 55 os\u00f3b, z niewyja\u015bnionych przyczyn zjecha\u0142 z drogi \n<a class=\"moretag\" href=\"https:\/\/swiat24.pl.ua\/?p=13057\"> [...]<\/a>","protected":false},"author":1,"featured_media":13058,"comment_status":"open","ping_status":"open","sticky":false,"template":"","format":"standard","meta":{"footnotes":""},"categories":[1],"tags":[],"class_list":["post-13057","post","type-post","status-publish","format-standard","has-post-thumbnail","hentry","category-blog"],"_links":{"self":[{"href":"https:\/\/swiat24.pl.ua\/index.php?rest_route=\/wp\/v2\/posts\/13057","targetHints":{"allow":["GET"]}}],"collection":[{"href":"https:\/\/swiat24.pl.ua\/index.php?rest_route=\/wp\/v2\/posts"}],"about":[{"href":"https:\/\/swiat24.pl.ua\/index.php?rest_route=\/wp\/v2\/types\/post"}],"author":[{"embeddable":true,"href":"https:\/\/swiat24.pl.ua\/index.php?rest_route=\/wp\/v2\/users\/1"}],"replies":[{"embeddable":true,"href":"https:\/\/swiat24.pl.ua\/index.php?rest_route=%2Fwp%2Fv2%2Fcomments&post=13057"}],"version-history":[{"count":1,"href":"https:\/\/swiat24.pl.ua\/index.php?rest_route=\/wp\/v2\/posts\/13057\/revisions"}],"predecessor-version":[{"id":13059,"href":"https:\/\/swiat24.pl.ua\/index.php?rest_route=\/wp\/v2\/posts\/13057\/revisions\/13059"}],"wp:featuredmedia":[{"embeddable":true,"href":"https:\/\/swiat24.pl.ua\/index.php?rest_route=\/wp\/v2\/media\/13058"}],"wp:attachment":[{"href":"https:\/\/swiat24.pl.ua\/index.php?rest_route=%2Fwp%2Fv2%2Fmedia&parent=13057"}],"wp:term":[{"taxonomy":"category","embeddable":true,"href":"https:\/\/swiat24.pl.ua\/index.php?rest_route=%2Fwp%2Fv2%2Fcategories&post=13057"},{"taxonomy":"post_tag","embeddable":true,"href":"https:\/\/swiat24.pl.ua\/index.php?rest_route=%2Fwp%2Fv2%2Ftags&post=13057"}],"curies":[{"name":"wp","href":"https:\/\/api.w.org\/{rel}","templated":true}]}}