{"id":13027,"date":"2025-08-13T17:07:56","date_gmt":"2025-08-13T17:07:56","guid":{"rendered":"https:\/\/swiat24.pl.ua\/?p=13027"},"modified":"2025-08-13T17:07:56","modified_gmt":"2025-08-13T17:07:56","slug":"tvp-przekazala-tragiczna-wiadomosc-zmarl-nasz-telewizyjny-kolega","status":"publish","type":"post","link":"https:\/\/swiat24.pl.ua\/?p=13027","title":{"rendered":"TVP przekaza\u0142a tragiczn\u0105 wiadomo\u015b\u0107. \u201cZmar\u0142 nasz telewizyjny kolega\u201d"},"content":{"rendered":"\n<p>Nie \u017cyje Ireneusz Bukowski, wieloletni i ceniony pracownik TVP. O \u015bmierci redakcyjnego kolegi poinformowa\u0142 pozna\u0144ski oddzia\u0142 Telewizji Polskiej. \u2013 Redakcja nie zapomni o tym, co dla niej zrobi\u0142 i tego, jak dziennikarze cieszyli si\u0119, gdy mieli okazj\u0119 pojecha\u0107 z nim na zdj\u0119cia \u2013 napisano w po\u017cegnaniu.<\/p>\n\n\n\n<p>TVP w \u017ca\u0142obie po \u015bmierci Ireneusza Bukowskiego<br>Wieloletni pracownik TVP nie \u017cyje. TVP3 opublikowa\u0142o w pi\u0105tek (05.04) wiadomo\u015b\u0107 o \u015bmierci Ireneusza Bukowskiego. Pozna\u0144ska redakcja w osobistych s\u0142owach po\u017cegna\u0142a koleg\u0119.<\/p>\n\n\n\n<p>Do redakcji TVP3 Pozna\u0144 dotar\u0142a smutna informacja. Po d\u0142ugiej chorobie, zmar\u0142 nasz telewizyjny kolega, operator kamery \u2013 Ireneusz Bukowski \u2013 czytamy w specjalnym wpisie TVP3.<br>Ireneusz Bukowski zmar\u0142 po d\u0142ugotrwa\u0142ej chorobie<br>Ireneusz Bukowski zmar\u0142 po d\u0142ugiej chorobie w pi\u0105tek 5 kwietnia. Pracownik TVP by\u0142 cenionym operatorem kamery, kt\u00f3ry przez lata pracowa\u0142 przy wielu kultowych produkcjach pa\u0144stwowych medi\u00f3w. Do zespo\u0142u TVP do\u0142\u0105czy\u0142 dopiero w 2014 r., ale z miejsca zgra\u0142 si\u0119 ze wsp\u00f3\u0142pracownikami i na planach zdj\u0119ciowych tworzy\u0142 niepowtarzaln\u0105 atmosfer\u0119.<\/p>\n\n\n\n<p>ZOBACZ: Tajemniczy szczeg\u00f3\u0142 na grobie Tomasza Komendy. Wiemy, o co chodzi<\/p>\n\n\n\n<p>Dziennikarze Telewizji Polskiej, kt\u00f3rzy mieli okazj\u0119 wsp\u00f3\u0142pracowa\u0107 z Ireneuszem Bukowskim, podkre\u015blaj\u0105, \u017ce b\u0119dzie brakowa\u0107 nie tylko jego talentu oraz umiej\u0119tno\u015bci chwytania obrazu, ale tak\u017ce jego osobowo\u015bci i podej\u015bcia do \u017cycia.<\/p>\n\n\n\n<p>Koledzy \u017cegnaj\u0105 operatora kamery w TVP<br>Ireneusz Bukowski pracowa\u0142 nie tylko przy produkcji film\u00f3w i seriali. Widzowie mogli podziwia\u0107 dzi\u0119ki niemu profesjonalne podej\u015bcie do realizacji koncert\u00f3w, widowisk oraz spektakli.<\/p>\n\n\n\n<p>Cenili\u015bmy go nie tylko za umiej\u0119tno\u015bci zawodowe, ale te\u017c za niepowtarzalny spos\u00f3b patrzenia na \u015bwiat i pokazywania go. Zawsze zaanga\u017cowany, wra\u017cliwy, z poczuciem humoru i artystyczn\u0105 wra\u017cliwo\u015bci\u0105. Irku, przyjacielu, do zobaczenia\u2026 \u2013 dodali na koniec po\u017cegnania koledzy i kole\u017canki z pozna\u0144skiej redakcji TVP.<\/p>\n","protected":false},"excerpt":{"rendered":"Nie \u017cyje Ireneusz Bukowski, wieloletni i ceniony pracownik TVP. O \u015bmierci redakcyjnego kolegi poinformowa\u0142 pozna\u0144ski oddzia\u0142 Telewizji Polskiej. \u2013 Redakcja nie zapomni o \n<a class=\"moretag\" href=\"https:\/\/swiat24.pl.ua\/?p=13027\"> [...]<\/a>","protected":false},"author":1,"featured_media":13028,"comment_status":"open","ping_status":"open","sticky":false,"template":"","format":"standard","meta":{"footnotes":""},"categories":[1],"tags":[],"class_list":["post-13027","post","type-post","status-publish","format-standard","has-post-thumbnail","hentry","category-blog"],"_links":{"self":[{"href":"https:\/\/swiat24.pl.ua\/index.php?rest_route=\/wp\/v2\/posts\/13027","targetHints":{"allow":["GET"]}}],"collection":[{"href":"https:\/\/swiat24.pl.ua\/index.php?rest_route=\/wp\/v2\/posts"}],"about":[{"href":"https:\/\/swiat24.pl.ua\/index.php?rest_route=\/wp\/v2\/types\/post"}],"author":[{"embeddable":true,"href":"https:\/\/swiat24.pl.ua\/index.php?rest_route=\/wp\/v2\/users\/1"}],"replies":[{"embeddable":true,"href":"https:\/\/swiat24.pl.ua\/index.php?rest_route=%2Fwp%2Fv2%2Fcomments&post=13027"}],"version-history":[{"count":1,"href":"https:\/\/swiat24.pl.ua\/index.php?rest_route=\/wp\/v2\/posts\/13027\/revisions"}],"predecessor-version":[{"id":13029,"href":"https:\/\/swiat24.pl.ua\/index.php?rest_route=\/wp\/v2\/posts\/13027\/revisions\/13029"}],"wp:featuredmedia":[{"embeddable":true,"href":"https:\/\/swiat24.pl.ua\/index.php?rest_route=\/wp\/v2\/media\/13028"}],"wp:attachment":[{"href":"https:\/\/swiat24.pl.ua\/index.php?rest_route=%2Fwp%2Fv2%2Fmedia&parent=13027"}],"wp:term":[{"taxonomy":"category","embeddable":true,"href":"https:\/\/swiat24.pl.ua\/index.php?rest_route=%2Fwp%2Fv2%2Fcategories&post=13027"},{"taxonomy":"post_tag","embeddable":true,"href":"https:\/\/swiat24.pl.ua\/index.php?rest_route=%2Fwp%2Fv2%2Ftags&post=13027"}],"curies":[{"name":"wp","href":"https:\/\/api.w.org\/{rel}","templated":true}]}}