{"id":13024,"date":"2025-08-13T17:05:34","date_gmt":"2025-08-13T17:05:34","guid":{"rendered":"https:\/\/swiat24.pl.ua\/?p=13024"},"modified":"2025-08-13T17:05:34","modified_gmt":"2025-08-13T17:05:34","slug":"jak-wygladac-mlodziej-dzieki-kolorowemu-kolorowi-wlosow-po-60-tce","status":"publish","type":"post","link":"https:\/\/swiat24.pl.ua\/?p=13024","title":{"rendered":"Jak wygl\u0105da\u0107 m\u0142odziej dzi\u0119ki kolorowemu kolorowi w\u0142os\u00f3w po 60-tce?"},"content":{"rendered":"\n<p>Jak\u0105 koloryzacj\u0119 wybra\u0107 po 60. roku \u017cycia, by uzyska\u0107 efekt odm\u0142odzenia? Porada fryzjera.<\/p>\n\n\n\n<p>Farbowanie w\u0142os\u00f3w po 60-tce? Tak, ale nie byle jak! Wiele os\u00f3b uwa\u017ca, \u017ce wystarczy zatuszowa\u0107 siwe w\u0142osy, aby wygl\u0105da\u0107 m\u0142odziej. Jednak, jak twierdzi ekspertka od fryzjerstwa, niew\u0142a\u015bciwy kolor mo\u017ce wr\u0119cz pogorszy\u0107 rysy twarzy, a nawet przedwcze\u015bnie postarzy\u0107. Na szcz\u0119\u015bcie istnieje prosty spos\u00f3b na znalezienie idealnego odcienia, kt\u00f3ry od\u015bwie\u017cy twarz bez pope\u0142niania b\u0142\u0119d\u00f3w. Czy jeste\u015b gotowa pozna\u0107 z\u0142ot\u0105 zasad\u0119, kt\u00f3ra odmieni Tw\u00f3j wygl\u0105d?<\/p>\n\n\n\n<p>Dlaczego nie ka\u017cda koloryzacja w\u0142os\u00f3w odm\u0142adza? Mo\u017ce si\u0119 wydawa\u0107, \u017ce ka\u017cda farba jednym poci\u0105gni\u0119ciem p\u0119dzla wymazuje lata. W rzeczywisto\u015bci jednak niekt\u00f3re odcienie, zw\u0142aszcza te ciemne, mog\u0105 uwydatni\u0107 zmarszczki i nada\u0107 twarzy bardziej surowy wygl\u0105d. Wyobra\u017a sobie, \u017ce zak\u0142adasz czarny sweter w \u015brodku lata: zamiast blasku, czujesz dusz\u0105cy upa\u0142! Podobnie, radykalne przyciemnienie w\u0142os\u00f3w obci\u0105\u017ca rysy twarzy zamiast je od\u015bwie\u017ca\u0107.<\/p>\n\n\n\n<p>Z\u0142ota zasada: rozja\u015bniaj, aby rozja\u015bni\u0107. Thomas Tuccinardi, Mi\u0119dzynarodowy Ekspert Kolorystyczny L&#8217;Or\u00e9al Paris, dzieli si\u0119 prost\u0105 wskaz\u00f3wk\u0105: \u201eIm ja\u015bniej, tym wi\u0119cej blasku\u201d. Innymi s\u0142owy, najm\u0142odszy kolor jest zawsze nieco ja\u015bniejszy od Twojego naturalnego. Ale uwaga: rozja\u015bnianie nie oznacza przej\u015bcia na platynowy blond z dnia na dzie\u0144. Nie chodzi o wyb\u00f3r uniwersalnego koloru, ale o znalezienie jasnego odcienia, kt\u00f3ry idealnie pasuje do Twojego odcienia sk\u00f3ry.<\/p>\n\n\n\n<p>Znajd\u017a idealny kolor dla swojej sk\u00f3ry! Ka\u017cda sk\u00f3ra ma swoj\u0105 idealn\u0105 palet\u0119 barw. Oto jak wybra\u0107:<\/p>\n\n\n\n<p>\u2014 Jasna cera: Be\u017c, z\u0142ocisty blond lub jasne odcienie kasztanowe dodadz\u0105 blasku i mi\u0119kko\u015bci.<br>\u2014 Ciemna cera: Wybierz karmelowe, miodowe lub ciep\u0142e odcienie br\u0105zu, kt\u00f3re rozja\u015bni\u0105, ale nie przyt\u0142umi\u0105.<br>\u2014 Neutralna cera: Masz szeroki wyb\u00f3r mi\u0119dzy delikatnymi blondami, subtelnymi miedzianymi lub z\u0142ocistymi kasztanami. To jak z wyborem bi\u017cuterii: niekt\u00f3re odcienie cery najlepiej wygl\u0105daj\u0105 ze z\u0142otem, a inne ze srebrem.<\/p>\n\n\n\n<p>Unikaj b\u0142\u0119du, kt\u00f3ry mo\u017ce Ci\u0119 postarzy\u0107. Klasyczny b\u0142\u0105d po 60.? Wyb\u00f3r zbyt ciemnego koloru, my\u015bl\u0105c, \u017ce sprawi, \u017ce b\u0119dziesz wygl\u0105da\u0107 m\u0142odziej. W rzeczywisto\u015bci, jak przypomina nam ekspert, \u201eim ciemniejsze w\u0142osy, tym bardziej sztywne staj\u0105 si\u0119 rysy twarzy\u201d. Dlatego bardzo ciemne lub g\u0142\u0119bokie odcienie czerni nale\u017cy stosowa\u0107 ostro\u017cnie, chyba \u017ce Tw\u00f3j temperament nie jest do nich sk\u0142onny.<\/p>\n\n\n\n<p>Kolor w\u0142os\u00f3w odzwierciedlaj\u0105cy Twoj\u0105 osobowo\u015b\u0107. Nie zapominaj, \u017ce Tw\u00f3j idealny kolor powinien r\u00f3wnie\u017c odzwierciedla\u0107 Twoj\u0105 osobowo\u015b\u0107. Thomas Tuccinardi podkre\u015bla: \u201eDiagnostyka koloru nie powinna ogranicza\u0107 si\u0119 do odcienia sk\u00f3ry, lecz powinna dopasowywa\u0107 si\u0119 do nastroju i temperamentu ka\u017cdej kobiety\u201d. Innymi s\u0142owy, kolor Twoich w\u0142os\u00f3w powinien by\u0107 tak \u017cywy, jak Ty. L\u015bni\u0105cy odcie\u0144 dla najbardziej dynamicznych, delikatny i naturalny dla najbardziej skromnych, a jasny kolor dla tych, kt\u00f3rzy lubi\u0105 podkre\u015bla\u0107 sw\u00f3j charakter!<\/p>\n\n\n\n<p>Podsumowanie: Roz\u015bwietl swoje pi\u0119kno, nie tylko w\u0142osy! Po 60. roku \u017cycia prawdziwa magia koloryzacji przeciwstarzeniowej polega na delikatnym roz\u015bwietleniu twarzy, jednocze\u015bnie szanuj\u0105c to, co Ci\u0119 wyr\u00f3\u017cnia. Nie musisz zmienia\u0107 wszystkiego: wystarczy doda\u0107 odrobin\u0119 \u015bwiat\u0142a, wybra\u0107 idealny odcie\u0144 i pozwoli\u0107, by Twoje naturalne pi\u0119kno zab\u0142ys\u0142o! I pami\u0119taj: najpi\u0119kniejszy efekt przeciwstarzeniowy zawsze pochodzi z wn\u0119trza.<\/p>\n","protected":false},"excerpt":{"rendered":"Jak\u0105 koloryzacj\u0119 wybra\u0107 po 60. roku \u017cycia, by uzyska\u0107 efekt odm\u0142odzenia? Porada fryzjera. Farbowanie w\u0142os\u00f3w po 60-tce? Tak, ale nie byle jak! Wiele \n<a class=\"moretag\" href=\"https:\/\/swiat24.pl.ua\/?p=13024\"> [...]<\/a>","protected":false},"author":1,"featured_media":13025,"comment_status":"open","ping_status":"open","sticky":false,"template":"","format":"standard","meta":{"footnotes":""},"categories":[1],"tags":[],"class_list":["post-13024","post","type-post","status-publish","format-standard","has-post-thumbnail","hentry","category-blog"],"_links":{"self":[{"href":"https:\/\/swiat24.pl.ua\/index.php?rest_route=\/wp\/v2\/posts\/13024","targetHints":{"allow":["GET"]}}],"collection":[{"href":"https:\/\/swiat24.pl.ua\/index.php?rest_route=\/wp\/v2\/posts"}],"about":[{"href":"https:\/\/swiat24.pl.ua\/index.php?rest_route=\/wp\/v2\/types\/post"}],"author":[{"embeddable":true,"href":"https:\/\/swiat24.pl.ua\/index.php?rest_route=\/wp\/v2\/users\/1"}],"replies":[{"embeddable":true,"href":"https:\/\/swiat24.pl.ua\/index.php?rest_route=%2Fwp%2Fv2%2Fcomments&post=13024"}],"version-history":[{"count":1,"href":"https:\/\/swiat24.pl.ua\/index.php?rest_route=\/wp\/v2\/posts\/13024\/revisions"}],"predecessor-version":[{"id":13026,"href":"https:\/\/swiat24.pl.ua\/index.php?rest_route=\/wp\/v2\/posts\/13024\/revisions\/13026"}],"wp:featuredmedia":[{"embeddable":true,"href":"https:\/\/swiat24.pl.ua\/index.php?rest_route=\/wp\/v2\/media\/13025"}],"wp:attachment":[{"href":"https:\/\/swiat24.pl.ua\/index.php?rest_route=%2Fwp%2Fv2%2Fmedia&parent=13024"}],"wp:term":[{"taxonomy":"category","embeddable":true,"href":"https:\/\/swiat24.pl.ua\/index.php?rest_route=%2Fwp%2Fv2%2Fcategories&post=13024"},{"taxonomy":"post_tag","embeddable":true,"href":"https:\/\/swiat24.pl.ua\/index.php?rest_route=%2Fwp%2Fv2%2Ftags&post=13024"}],"curies":[{"name":"wp","href":"https:\/\/api.w.org\/{rel}","templated":true}]}}