{"id":12969,"date":"2025-08-12T15:09:17","date_gmt":"2025-08-12T15:09:17","guid":{"rendered":"https:\/\/swiat24.pl.ua\/?p=12969"},"modified":"2025-08-12T15:09:17","modified_gmt":"2025-08-12T15:09:17","slug":"jeden-dwa-trzy-nagla-smierc-glownego-aktora-serialu","status":"publish","type":"post","link":"https:\/\/swiat24.pl.ua\/?p=12969","title":{"rendered":"Jeden, dwa, trzy: Nag\u0142a \u015bmier\u0107 g\u0142\u00f3wnego aktora serialu!"},"content":{"rendered":"\n<p>Edu Del Prado, znany z roli Cezara w hiszpa\u0144skim serialu \u201eUn, dos, tres\u201d, nie \u017cyje. Hiszpa\u0144ski aktor i piosenkarz zmar\u0142 w wieku 40 lat, jak donosi hiszpa\u0144ska prasa.<\/p>\n\n\n\n<p>Smutna wiadomo\u015b\u0107\u2026 Edu Del Prado, hiszpa\u0144ski aktor i piosenkarz, zmar\u0142 w sobot\u0119 23 czerwca 2018 roku w Walencji w wieku 40 lat.<\/p>\n\n\n\n<p>Przystojny m\u0119\u017cczyzna, znany przede wszystkim z roli Cezara w popularnym serialu \u201eUn, dos, tres\u201d, zosta\u0142 znaleziony martwy, jak donosi hiszpa\u0144ska prasa.<\/p>\n\n\n\n<p>Na razie przyczyna jego \u015bmierci pozostaje niejasna. Nasi koledzy z La Vanguardia podaj\u0105 jednak pewne informacje. Wed\u0142ug ich informacji Edu Del Prado zmar\u0142 na zapalenie p\u0142uc, na kt\u00f3re nabawi\u0142 si\u0119 w wyniku ci\u0119\u017ckiej choroby. Chocia\u017c wyst\u0105pi\u0142 u boku Beatriz Luengo (wcielaj\u0105cej si\u0119 w Lol\u0119 Hernandez) i Miguela \u00c1ngela Mu\u00f1oza (wcielaj\u0105cego si\u0119 w Roberto Arenalesa) w serialu \u201eUn, dos, tres\u201d, Edu Del Prado by\u0142 prawdziw\u0105 gwiazd\u0105 w Hiszpanii.<\/p>\n\n\n\n<figure class=\"wp-block-image size-full\"><img loading=\"lazy\" decoding=\"async\" width=\"521\" height=\"348\" src=\"https:\/\/swiat24.pl.ua\/wp-content\/uploads\/2025\/08\/image.png\" alt=\"\" class=\"wp-image-12971\" srcset=\"https:\/\/swiat24.pl.ua\/wp-content\/uploads\/2025\/08\/image.png 521w, https:\/\/swiat24.pl.ua\/wp-content\/uploads\/2025\/08\/image-300x200.png 300w\" sizes=\"auto, (max-width: 521px) 100vw, 521px\" \/><\/figure>\n\n\n\n<p>W wieku 20 lat odni\u00f3s\u0142 sukces swoim debiutanckim albumem \u201eEdu\u201d. Co wi\u0119cej, artyst\u0119 mo\u017cna by\u0142o zobaczy\u0107 w hiszpa\u0144skiej wersji musicalu \u201eNotre-Dame de Paris\u201d.<\/p>\n\n\n\n<p>Edu Del Prado cieszy\u0142 si\u0119 jednak r\u00f3wnie\u017c ugruntowan\u0105 renom\u0105 we Francji. W 2007 roku pr\u00f3bowa\u0142 swoich si\u0142 jako nauczyciel w programie \u201eStar Academy\u201d, a w 2014 roku wzi\u0105\u0142 udzia\u0142 w programie \u201eThe Voice\u201d. Piosenkarz dotar\u0142 do etapu bitwy, zanim zosta\u0142 wyeliminowany.<\/p>\n","protected":false},"excerpt":{"rendered":"Edu Del Prado, znany z roli Cezara w hiszpa\u0144skim serialu \u201eUn, dos, tres\u201d, nie \u017cyje. Hiszpa\u0144ski aktor i piosenkarz zmar\u0142 w wieku 40 \n<a class=\"moretag\" href=\"https:\/\/swiat24.pl.ua\/?p=12969\"> [...]<\/a>","protected":false},"author":1,"featured_media":12970,"comment_status":"open","ping_status":"open","sticky":false,"template":"","format":"standard","meta":{"footnotes":""},"categories":[1],"tags":[],"class_list":["post-12969","post","type-post","status-publish","format-standard","has-post-thumbnail","hentry","category-blog"],"_links":{"self":[{"href":"https:\/\/swiat24.pl.ua\/index.php?rest_route=\/wp\/v2\/posts\/12969","targetHints":{"allow":["GET"]}}],"collection":[{"href":"https:\/\/swiat24.pl.ua\/index.php?rest_route=\/wp\/v2\/posts"}],"about":[{"href":"https:\/\/swiat24.pl.ua\/index.php?rest_route=\/wp\/v2\/types\/post"}],"author":[{"embeddable":true,"href":"https:\/\/swiat24.pl.ua\/index.php?rest_route=\/wp\/v2\/users\/1"}],"replies":[{"embeddable":true,"href":"https:\/\/swiat24.pl.ua\/index.php?rest_route=%2Fwp%2Fv2%2Fcomments&post=12969"}],"version-history":[{"count":1,"href":"https:\/\/swiat24.pl.ua\/index.php?rest_route=\/wp\/v2\/posts\/12969\/revisions"}],"predecessor-version":[{"id":12972,"href":"https:\/\/swiat24.pl.ua\/index.php?rest_route=\/wp\/v2\/posts\/12969\/revisions\/12972"}],"wp:featuredmedia":[{"embeddable":true,"href":"https:\/\/swiat24.pl.ua\/index.php?rest_route=\/wp\/v2\/media\/12970"}],"wp:attachment":[{"href":"https:\/\/swiat24.pl.ua\/index.php?rest_route=%2Fwp%2Fv2%2Fmedia&parent=12969"}],"wp:term":[{"taxonomy":"category","embeddable":true,"href":"https:\/\/swiat24.pl.ua\/index.php?rest_route=%2Fwp%2Fv2%2Fcategories&post=12969"},{"taxonomy":"post_tag","embeddable":true,"href":"https:\/\/swiat24.pl.ua\/index.php?rest_route=%2Fwp%2Fv2%2Ftags&post=12969"}],"curies":[{"name":"wp","href":"https:\/\/api.w.org\/{rel}","templated":true}]}}