{"id":12929,"date":"2025-08-11T12:48:18","date_gmt":"2025-08-11T12:48:18","guid":{"rendered":"https:\/\/swiat24.pl.ua\/?p=12929"},"modified":"2025-08-11T12:48:18","modified_gmt":"2025-08-11T12:48:18","slug":"bun-hay-mean-odszedl-od-nas-komik-trafil-do-szpitala-na-rok-przed-smiercia","status":"publish","type":"post","link":"https:\/\/swiat24.pl.ua\/?p=12929","title":{"rendered":"Bun Hay Mean odszed\u0142 od nas: komik trafi\u0142 do szpitala na rok przed \u015bmierci\u0105"},"content":{"rendered":"\n<p>W czwartek, 10 lipca, Bun Hay Mean zmar\u0142 w wieku 43 lat po \u015bmiertelnym upadku.<\/p>\n\n\n\n<p>Rok przed \u015bmierci\u0105 komik przechodzi\u0142 trudny okres i musia\u0142 trafi\u0107 do szpitala. Przejd\u017a do reklamy<\/p>\n\n\n\n<p>Straszny wypadek. W czwartek, 10 lipca, Bun Hay Mean zmar\u0142 w wieku 43 lat po \u015bmiertelnym upadku.<\/p>\n\n\n\n<p>Komik spad\u0142 z \u00f3smego pi\u0119tra budynku, pr\u00f3buj\u0105c z\u0142apa\u0107 telefon, kt\u00f3ry wpad\u0142 do rynny balkonowej, jak donosi Le Parisien. Mimo to wszcz\u0119to dochodzenie.<\/p>\n\n\n\n<p>\u201eZ niesko\u0144czonym smutkiem musimy og\u0142osi\u0107 tragiczn\u0105 \u015bmier\u0107 naszego przyjaciela, naszego wspania\u0142ego artysty, Bun Hay Meana\u201d \u2013 powiedzia\u0142 jego producent, Philippe Delmas, w komunikacie prasowym. Po do\u0142\u0105czeniu do Jamel Comedy Club w 2014 roku, po raz pierwszy zosta\u0142 przedstawiony szerszej publiczno\u015bci w 2023 roku dzi\u0119ki roli w filmie \u201eAsterix i Obelix: Kr\u00f3lestwo \u015arodka\u201d w re\u017cyserii Guillaume\u2019a Caneta.<\/p>\n\n\n\n<p>Poranny Biuletyn Wiadomo\u015bci<\/p>\n\n\n\n<p>Odkrywaj najlepsze wiadomo\u015bci ka\u017cdego dnia Adres e-mail Subskrybuj<\/p>\n\n\n\n<p>Rok przed tym tragicznym wypadkiem Bun Hay Mean, kt\u00f3ry nadal wyst\u0119powa\u0142 na scenie, przeszed\u0142 trudny okres. W zesz\u0142ym roku, podczas wizyty na wyspie Reunion, gdzie prezentowa\u0142 sw\u00f3j program \u201eTous ego\u201d, w mediach spo\u0142eczno\u015bciowych pojawi\u0142y si\u0119 nagrania komika w nietypowym stanie, a aktor, zmagaj\u0105cy si\u0119 z problemami psychicznymi, trafi\u0142 do szpitala. \u201eCierpi i odpoczywa na wyspie Reunion. Chcemy chroni\u0107 jego zdrowie i zdrowie jego bliskich\u2026 Robimy wszystko, co konieczne, aby m\u00f3g\u0142 szybko wr\u00f3ci\u0107 do Francji i by\u0107 z rodzin\u0105\u201d \u2013 potwierdzi\u0142 jego zesp\u00f3\u0142 produkcyjny w wywiadzie dla Antenne R\u00e9union w czerwcu 2024 roku.<\/p>\n\n\n\n<p>Bun Hay Mean odszed\u0142: Jego trudne pocz\u0105tki w Pary\u017cu<\/p>\n\n\n\n<p>Zanim w 2014 roku do\u0142\u0105czy\u0142 do paryskiego klubu komediowego Jamel Comedy Club, Bun Hay Mean mieszka\u0142 w regionie Bordeaux i zostawi\u0142 wszystko, aby podbi\u0107 stolic\u0119. Jego pocz\u0105tki w Mie\u015bcie \u015awiate\u0142 nie by\u0142y \u0142atwe, jak wyzna\u0142 w wywiadzie dla \u201eLe Parisien\u201d w 2017 roku. Komik przyzna\u0142, \u017ce przez kilka miesi\u0119cy \u017cy\u0142 na ulicy: \u201eRoz\u015bmiesza\u0142em 2000\u20133000 os\u00f3b, a godzin\u0119 p\u00f3\u017aniej by\u0142em na przystanku tramwajowym i spa\u0142em sam. Emocjonalny rollercoaster\u201d. Komentarze powt\u00f3rzy\u0142 w 2023 roku podczas wyst\u0119pu w programie \u201eKonbini\u201d: \u201eDziesi\u0119\u0107 lat temu nie sz\u0142o mi najlepiej. By\u0142em na ulicy i w rozpaczy\u201d.<\/p>\n","protected":false},"excerpt":{"rendered":"W czwartek, 10 lipca, Bun Hay Mean zmar\u0142 w wieku 43 lat po \u015bmiertelnym upadku. Rok przed \u015bmierci\u0105 komik przechodzi\u0142 trudny okres i \n<a class=\"moretag\" href=\"https:\/\/swiat24.pl.ua\/?p=12929\"> [...]<\/a>","protected":false},"author":1,"featured_media":12930,"comment_status":"open","ping_status":"open","sticky":false,"template":"","format":"standard","meta":{"footnotes":""},"categories":[1],"tags":[],"class_list":["post-12929","post","type-post","status-publish","format-standard","has-post-thumbnail","hentry","category-blog"],"_links":{"self":[{"href":"https:\/\/swiat24.pl.ua\/index.php?rest_route=\/wp\/v2\/posts\/12929","targetHints":{"allow":["GET"]}}],"collection":[{"href":"https:\/\/swiat24.pl.ua\/index.php?rest_route=\/wp\/v2\/posts"}],"about":[{"href":"https:\/\/swiat24.pl.ua\/index.php?rest_route=\/wp\/v2\/types\/post"}],"author":[{"embeddable":true,"href":"https:\/\/swiat24.pl.ua\/index.php?rest_route=\/wp\/v2\/users\/1"}],"replies":[{"embeddable":true,"href":"https:\/\/swiat24.pl.ua\/index.php?rest_route=%2Fwp%2Fv2%2Fcomments&post=12929"}],"version-history":[{"count":1,"href":"https:\/\/swiat24.pl.ua\/index.php?rest_route=\/wp\/v2\/posts\/12929\/revisions"}],"predecessor-version":[{"id":12931,"href":"https:\/\/swiat24.pl.ua\/index.php?rest_route=\/wp\/v2\/posts\/12929\/revisions\/12931"}],"wp:featuredmedia":[{"embeddable":true,"href":"https:\/\/swiat24.pl.ua\/index.php?rest_route=\/wp\/v2\/media\/12930"}],"wp:attachment":[{"href":"https:\/\/swiat24.pl.ua\/index.php?rest_route=%2Fwp%2Fv2%2Fmedia&parent=12929"}],"wp:term":[{"taxonomy":"category","embeddable":true,"href":"https:\/\/swiat24.pl.ua\/index.php?rest_route=%2Fwp%2Fv2%2Fcategories&post=12929"},{"taxonomy":"post_tag","embeddable":true,"href":"https:\/\/swiat24.pl.ua\/index.php?rest_route=%2Fwp%2Fv2%2Ftags&post=12929"}],"curies":[{"name":"wp","href":"https:\/\/api.w.org\/{rel}","templated":true}]}}