{"id":11731,"date":"2025-07-15T12:46:27","date_gmt":"2025-07-15T12:46:27","guid":{"rendered":"https:\/\/swiat24.pl.ua\/?p=11731"},"modified":"2025-07-15T12:46:27","modified_gmt":"2025-07-15T12:46:27","slug":"1-nadchodza-dwie-osoby-nie-zyja-a-kilka-zostalo-rannych","status":"publish","type":"post","link":"https:\/\/swiat24.pl.ua\/?p=11731","title":{"rendered":"1 NADCHODZ\u0104: Dwie osoby nie \u017cyj\u0105, a kilka zosta\u0142o rannych!"},"content":{"rendered":"\n<p class=\"wp-block-paragraph\">Dwie osoby zgin\u0119\u0142y, a kilka zosta\u0142o rannych w wypadku masowym na autostradzie M5 w pobli\u017cu In\u00e1rcs.<\/p>\n\n\n\n<p class=\"wp-block-paragraph\">Dzi\u015b rano na autostradzie M5 w kierunku Budapesztu, niedaleko In\u00e1rcs, dosz\u0142o do tragicznego wypadku z udzia\u0142em kilku pojazd\u00f3w. Wed\u0142ug policji powiatu Peszt dwie osoby zgin\u0119\u0142y, jedna zosta\u0142a ci\u0119\u017cko ranna, a jedna dozna\u0142a lekkich obra\u017ce\u0144.<\/p>\n\n\n\n<p class=\"wp-block-paragraph\">Jak dosz\u0142o do wypadku?<\/p>\n\n\n\n<p class=\"wp-block-paragraph\">Wed\u0142ug rzeczniczki policji Anity V\u00e1raljai, tragedia rozpocz\u0119\u0142a si\u0119 od SUV-a, kt\u00f3ry z wci\u0105\u017c niejasnych przyczyn zjecha\u0142 z drogi i wpad\u0142 do rowu. Na poboczu zatrzyma\u0142 si\u0119 mikrobus, aby udzieli\u0107 pomocy pojazdowi. Jednak mikrobus zosta\u0142 gwa\u0142townie uderzony przez samoch\u00f3d z rumu\u0144skimi tablicami rejestracyjnymi.<\/p>\n\n\n<div class=\"wp-block-image\">\n<figure class=\"aligncenter\"><img decoding=\"async\" src=\"https:\/\/lavinfo.com\/wp-content\/uploads\/2025\/03\/Screenshot-2025-03-19-172318.png\" alt=\"\" class=\"wp-image-107041\"\/><\/figure>\n<\/div>\n\n\n<p class=\"wp-block-paragraph\">Skutki wypadku:<\/p>\n\n\n\n<p class=\"wp-block-paragraph\">Dwie osoby zgin\u0119\u0142y na miejscu wypadku. Jedna z ofiar zosta\u0142a przewieziona do szpitala z powa\u017cnymi obra\u017ceniami, a druga dozna\u0142a lekkich. Na miejscu szybko pojawi\u0142y si\u0119 s\u0142u\u017cby ratunkowe, aby udzieli\u0107 pomocy poszkodowanym i przetransportowa\u0107 ich do szpitala.<\/p>\n\n\n\n<p class=\"wp-block-paragraph\">Sytuacja drogowa na autostradzie M5:<\/p>\n\n\n\n<p class=\"wp-block-paragraph\">Wed\u0142ug informacji o ruchu drogowym \u00datinform, na 38. kilometrze przejezdny jest tylko pas wewn\u0119trzny, co spowodowa\u0142o znaczne korki. Utworzy\u0142y si\u0119 kilometry kork\u00f3w, a kierowcy powinni spodziewa\u0107 si\u0119 d\u0142ugich postoj\u00f3w.<\/p>\n\n\n<div class=\"wp-block-image\">\n<figure class=\"aligncenter\"><img decoding=\"async\" src=\"https:\/\/lavinfo.com\/wp-content\/uploads\/2025\/03\/Screenshot-2025-03-19-172243.png\" alt=\"\" class=\"wp-image-107042\"\/><\/figure>\n<\/div>\n\n\n<p class=\"wp-block-paragraph\">Alert dla kierowc\u00f3w:<\/p>\n\n\n\n<p class=\"wp-block-paragraph\">W\u0142adze prosz\u0105 kierowc\u00f3w o zachowanie szczeg\u00f3lnej czujno\u015bci w pobli\u017cu miejsca wypadku, zachowanie bezpiecznej odleg\u0142o\u015bci i, je\u015bli to mo\u017cliwe, o wyb\u00f3r tras alternatywnych. Zamkni\u0119cie drogi mo\u017ce potrwa\u0107 do czasu zako\u0144czenia akcji ratowniczej i rekonstrukcji wypadku.<\/p>\n\n\n\n<p class=\"wp-block-paragraph\">Korek na autostradzie M0 ci\u0105gnie si\u0119 na d\u0142ugo\u015bci ponad dziesi\u0119ciu kilometr\u00f3w z powodu wypadku<\/p>\n\n\n<div class=\"wp-block-image\">\n<figure class=\"aligncenter\"><img decoding=\"async\" src=\"https:\/\/lavinfo.com\/wp-content\/uploads\/2025\/03\/Screenshot-2025-03-19-171806.png\" alt=\"\" class=\"wp-image-107043\"\/><\/figure>\n<\/div>\n\n\n<p class=\"wp-block-paragraph\">Zdj\u0119cia miejsca wypadku:<\/p>\n\n\n\n<p class=\"wp-block-paragraph\">Zdj\u0119cia Zolt\u00e1na Mih\u00e1d\u00e1ka (MTI) pokazuj\u0105 skal\u0119 tragedii: SUV i inne pojazdy zosta\u0142y powa\u017cnie uszkodzone i le\u017c\u0105 na poboczu autostrady. Ten wypadek po raz kolejny zwraca uwag\u0119 na zagro\u017cenia w ruchu drogowym, zw\u0142aszcza zim\u0105. Kierowcy musz\u0105 zachowa\u0107 szczeg\u00f3ln\u0105 ostro\u017cno\u015b\u0107 i zwraca\u0107 uwag\u0119 na warunki drogowe, aby unikn\u0105\u0107 takich tragedii.<\/p>\n","protected":false},"excerpt":{"rendered":"Dwie osoby zgin\u0119\u0142y, a kilka zosta\u0142o rannych w wypadku masowym na autostradzie M5 w pobli\u017cu In\u00e1rcs. Dzi\u015b rano na autostradzie M5 w kierunku \n<a class=\"moretag\" href=\"https:\/\/swiat24.pl.ua\/?p=11731\"> [...]<\/a>","protected":false},"author":1,"featured_media":11732,"comment_status":"open","ping_status":"open","sticky":false,"template":"","format":"standard","meta":{"footnotes":""},"categories":[1],"tags":[],"class_list":["post-11731","post","type-post","status-publish","format-standard","has-post-thumbnail","hentry","category-blog"],"_links":{"self":[{"href":"https:\/\/swiat24.pl.ua\/index.php?rest_route=\/wp\/v2\/posts\/11731","targetHints":{"allow":["GET"]}}],"collection":[{"href":"https:\/\/swiat24.pl.ua\/index.php?rest_route=\/wp\/v2\/posts"}],"about":[{"href":"https:\/\/swiat24.pl.ua\/index.php?rest_route=\/wp\/v2\/types\/post"}],"author":[{"embeddable":true,"href":"https:\/\/swiat24.pl.ua\/index.php?rest_route=\/wp\/v2\/users\/1"}],"replies":[{"embeddable":true,"href":"https:\/\/swiat24.pl.ua\/index.php?rest_route=%2Fwp%2Fv2%2Fcomments&post=11731"}],"version-history":[{"count":1,"href":"https:\/\/swiat24.pl.ua\/index.php?rest_route=\/wp\/v2\/posts\/11731\/revisions"}],"predecessor-version":[{"id":11733,"href":"https:\/\/swiat24.pl.ua\/index.php?rest_route=\/wp\/v2\/posts\/11731\/revisions\/11733"}],"wp:featuredmedia":[{"embeddable":true,"href":"https:\/\/swiat24.pl.ua\/index.php?rest_route=\/wp\/v2\/media\/11732"}],"wp:attachment":[{"href":"https:\/\/swiat24.pl.ua\/index.php?rest_route=%2Fwp%2Fv2%2Fmedia&parent=11731"}],"wp:term":[{"taxonomy":"category","embeddable":true,"href":"https:\/\/swiat24.pl.ua\/index.php?rest_route=%2Fwp%2Fv2%2Fcategories&post=11731"},{"taxonomy":"post_tag","embeddable":true,"href":"https:\/\/swiat24.pl.ua\/index.php?rest_route=%2Fwp%2Fv2%2Ftags&post=11731"}],"curies":[{"name":"wp","href":"https:\/\/api.w.org\/{rel}","templated":true}]}}